{"id":7717,"date":"2025-05-13T07:39:12","date_gmt":"2025-05-13T07:39:12","guid":{"rendered":"https:\/\/jubile2025-fatima.org\/may-3-2025-an-unusual-1st-saturday-of-the-month-with-nearly-10000-faithful-in-burundi\/"},"modified":"2025-05-15T16:16:41","modified_gmt":"2025-05-15T16:16:41","slug":"may-3-2025-an-unusual-1st-saturday-of-the-month-with-nearly-10000-faithful-in-burundi","status":"publish","type":"post","link":"https:\/\/jubile2025-fatima.org\/en\/may-3-2025-an-unusual-1st-saturday-of-the-month-with-nearly-10000-faithful-in-burundi\/","title":{"rendered":"May 3, 2025, an unusual 1st Saturday of the month with nearly 10,000 faithful in Burundi"},"content":{"rendered":"\n<div class=\"wp-block-group has-global-padding is-layout-constrained wp-block-group-is-layout-constrained\">\n<div class=\"wp-block-group has-accent-8-background-color has-background has-global-padding is-layout-constrained wp-container-core-group-is-layout-81115059 wp-block-group-is-layout-constrained\" style=\"padding-top:25px;padding-right:25px;padding-bottom:25px;padding-left:25px\">\n<p style=\"font-style:normal;font-weight:400\">The fifth<sup>1st<\/sup> Saturday of the Jubilee month, May 3, 2025, was held on the African continent. The chosen shrine was that of &#8220;Marie Reine de la Paix&#8221; in Mugera, Burundi. This country, the poorest in Africa, is at the heart of the Great Lakes region, a region affected by a war that has claimed almost ten million lives in thirty years and continues today. The peace of Fatima is therefore a crucial issue, and the bishops of Burundi unanimously wanted a major event. The scale of this<sup>1st<\/sup> Saturday of the month marks a turning point in the Jubilee 2025.    <\/p>\n<\/div>\n\n\n\n<p><strong>Two weeks before the event: <\/strong>The team coordinating the<sup>1st<\/sup> Saturday of the month in Burundi, in liaison with the central Jubilee management in Europe, spares no effort in a country where transport is complex and very expensive: as the country&#8217;s service stations are closed, fuel is often distributed in water bottles. The team, led by a layman named B\u00e9nit, assisted by a committee of 12 priests and some 50 faithful, is exceptional. It travels the country in vehicles rented by the organization, enabling it to cover all dioceses. It handles every aspect of the event: relations with Church, administrative and police authorities, the presence of first-aid attendants, preparation of the choir, site decoration, choice of songs, generator, sound system, photo and video coverage, and so on. Nothing is left to chance. The days often last until 3am. No one is counting the hours. What self-sacrifice, what efficiency! Of course, the Jubilee organization will cover the costs, but without the faith of the organizers, the priests, the nuns, the laity, without the support of the bishops of the episcopal conference, without the fierce determination to make this<sup>1st<\/sup> Saturday an exemplary moment, nothing so exceptional would have been possible. Here, in Africa&#8217;s poorest country with a deeply rooted Marian faith, nothing is too good for the Blessed Virgin. Burundi will thus celebrate the biggest<sup>1st<\/sup> Saturday of the Jubilee month.          <\/p>\n\n\n\n<figure class=\"wp-block-image aligncenter size-full\"><img data-recalc-dims=\"1\" decoding=\"async\" width=\"1280\" height=\"853\" src=\"https:\/\/i0.wp.com\/jubile2025-fatima.org\/wp-content\/uploads\/2025\/05\/Photo-2.jpg?resize=1280%2C853&#038;ssl=1\" alt=\"\" class=\"wp-image-7573\" style=\"aspect-ratio:16\/9;object-fit:cover\" srcset=\"https:\/\/i0.wp.com\/jubile2025-fatima.org\/wp-content\/uploads\/2025\/05\/Photo-2.jpg?w=1280&amp;ssl=1 1280w, https:\/\/i0.wp.com\/jubile2025-fatima.org\/wp-content\/uploads\/2025\/05\/Photo-2.jpg?resize=300%2C200&amp;ssl=1 300w, https:\/\/i0.wp.com\/jubile2025-fatima.org\/wp-content\/uploads\/2025\/05\/Photo-2.jpg?resize=1024%2C682&amp;ssl=1 1024w, https:\/\/i0.wp.com\/jubile2025-fatima.org\/wp-content\/uploads\/2025\/05\/Photo-2.jpg?resize=768%2C512&amp;ssl=1 768w\" sizes=\"(max-width: 1000px) 100vw, 1000px\" \/><\/figure>\n\n\n\n<p><strong>Friday May 2, eve of D-Day<\/strong>. The faithful begin to flock to the Sanctuary of Mary Queen of Peace in Mugera, thanks to the carefully prepared shuttle bus routes throughout the country. Throughout the night, the 36 buses chartered by the Jubilee organization made one rotation after another. But given the scale of the demand, this was far from enough. Many worshippers, aware that they won&#8217;t find a place, choose to come on foot. After a warm welcome from the rector, Abb\u00e9 Venant Mpozako, and a mass celebrated at 6pm by Abb\u00e9 Savin Ndereyimana, secretary of the bishops&#8217; conference, a long night of adoration and singing began in preparation for Saturday 1st. A whole night of prayer, even though some had walked several days to get here&#8230; What a lesson in faith! The songs and Rosary for this vigil were prepared by Abb\u00e9 D\u00e9sir\u00e9 Ninahazimana. While the faithful keep vigil, the buses keep arriving, bringing pilgrims until 8am.        <\/p>\n\n\n\n<p><strong>Saturday May 3, 8:00 am<\/strong>: The pilgrimage begins. At the head of the procession, the large statue of Our Lady of Fatima is carried forward with fervor. The joyful mysteries are recited in Kirundi. A pious crowd of men, women, often with babies, and children, follow their heavenly Mother in great humility and piety. This country, scarred by a civil war that left 300,000 dead, is now moving forward in hope, fulfilling the act requested at Fatima to bring peace to Burundi and the world. The second rosary begins. And then, a magnificent coincidence: the path taken by the pilgrims is a veritable Way of the Cross leading to the shrine. Praying the sorrowful mysteries, the crowd passes the stations, including the one where Jesus meets his Mother. Tears flow.        <\/p>\n\n\n\n<figure class=\"wp-block-video\"><video height=\"720\" style=\"aspect-ratio: 1280 \/ 720;\" width=\"1280\" controls=\"\" src=\"https:\/\/jubile2025-fatima.org\/wp-content\/uploads\/2025\/05\/FILE-2025-05-12-112915.mp4\"><\/video><\/figure>\n\n\n\n<p><strong>The choir decorated in Vatican colors<\/strong>:At around 9:30 a.m., after the glorious mysteries, the procession reaches the sanctuary. The drums take over from the prayer, as it&#8217;s time to get into position. The traditional Burundian hymn resounds as the pilgrims climb the huge hill overlooking the shrine&#8217;s altar, atop which stands the large statue of Mary Queen of Peace, venerated at Mugera. The entire site is decorated in yellow and white. A random choice made a month earlier&#8230; And yet, today, three days before the conclave, the Vatican&#8217;s colors take on their full meaning. An invisible hand has naturally guided every step of this event. Is this not the sign of a profound supplication for the future pope to fulfill the requests of Fatima, an essential condition for world peace? As on every 1st Saturday of the Jubilee, the Alliance des Premiers Samedis de Fatima, organizers of the Jubilee, gave a brief reminder of Our Lady&#8217;s requests. This was followed by fifteen minutes of profound silence around Mary, before the arrival of Monsignor Bonaventure Nahimana, Archbishop of Gitega.        <\/p>\n\n\n\n<p><strong>A Holy Mass combining profound piety and great joy: <\/strong>the songs, sung by a choir of one hundred voices, alternate between Kirundi and Latin. The <em>Kyrie<\/em>, <em>Christus Vincit<\/em> and <em>Pater Noster<\/em> resound in this sanctuary overlooking the horizon, between magnificent local songs such as <em>Nje ndishongora mana yanje<\/em>, <em>Kaze mwami Yezu twibanire nawe<\/em>, <em>Mu maboko Yawe Mariya niho nishize<\/em>&#8230; Below the altar, dances punctuate the celebration. But here, no frantic rhythms or unrestrained gestures incompatible with the honours due to God: these dances, deeply respectful and rooted in local traditions, always end with a collective kneeling at the feet of Our Lady. A vibrant tribute to the Queen of Heaven. What a moving alliance between the living culture of this country and the sacred respect due to God who gives himself to us in the Eucharist!    <\/p>\n\n\n\n<figure class=\"wp-block-image aligncenter size-full\"><img data-recalc-dims=\"1\" decoding=\"async\" width=\"1280\" height=\"853\" src=\"https:\/\/i0.wp.com\/jubile2025-fatima.org\/wp-content\/uploads\/2025\/05\/Photo-4.jpg?resize=1280%2C853&#038;ssl=1\" alt=\"\" class=\"wp-image-7587\" srcset=\"https:\/\/i0.wp.com\/jubile2025-fatima.org\/wp-content\/uploads\/2025\/05\/Photo-4.jpg?w=1280&amp;ssl=1 1280w, https:\/\/i0.wp.com\/jubile2025-fatima.org\/wp-content\/uploads\/2025\/05\/Photo-4.jpg?resize=300%2C200&amp;ssl=1 300w, https:\/\/i0.wp.com\/jubile2025-fatima.org\/wp-content\/uploads\/2025\/05\/Photo-4.jpg?resize=1024%2C682&amp;ssl=1 1024w, https:\/\/i0.wp.com\/jubile2025-fatima.org\/wp-content\/uploads\/2025\/05\/Photo-4.jpg?resize=768%2C512&amp;ssl=1 768w\" sizes=\"(max-width: 1000px) 100vw, 1000px\" \/><\/figure>\n\n\n\n<p><strong>Renewal of Burundi&#8217;s consecration: <\/strong>At the end of Mass, broadcast by Radio Maria, Bishop Bonaventure Nahimana descends from the altar and kneels before the large statue of Our Lady, Mary Queen of Peace. In a strong, fervent voice, he renews the consecration of Burundi to the Immaculate Heart of Mary, repeating the same prayer used at the first consecration in 1961. Then the Ave Maria de Fatima is intoned, rising into Heaven to join the Heart of Mary, as an act of immense reparation offered by the people of Burundi.  <\/p>\n\n\n\n<p><strong>Elsewhere in Burundi, a celebration for the martyrs of peace: <\/strong>At the same time, in Buta, another sanctuary in Burundi, another ceremony was held in honor of the <em>martyred seminarians<\/em>: During the civil war, 44 seminarians were captured. Their captors asked them to split up along ethnic lines, so as to kill some of them. But they united, closing ranks to testify to their love in Christ and affirm that they were all the same children of God. In response to this demonstration of peace, the Kalashnikovs spat out their fire, killing them all. The mass in their honor took place on that same 1st Saturday of the month, celebrated by Monsignor Salvator Niciteretse, President of the Episcopal Conference, who has worked so hard for this 1st Saturday in Burundi.    <\/p>\n\n\n\n<div class=\"wp-block-columns is-layout-flex wp-container-core-columns-is-layout-d0b3c9c8 wp-block-columns-is-layout-flex\">\n<div class=\"wp-block-column is-layout-flow wp-block-column-is-layout-flow\">\n<figure class=\"wp-block-image aligncenter size-full\"><img data-recalc-dims=\"1\" decoding=\"async\" width=\"1920\" height=\"1920\" src=\"https:\/\/i0.wp.com\/jubile2025-fatima.org\/wp-content\/uploads\/2025\/05\/IMG_9889.jpg?resize=1920%2C1920&#038;ssl=1\" alt=\"\" class=\"wp-image-7675\" style=\"aspect-ratio:1;object-fit:cover\" srcset=\"https:\/\/i0.wp.com\/jubile2025-fatima.org\/wp-content\/uploads\/2025\/05\/IMG_9889.jpg?w=1920&amp;ssl=1 1920w, https:\/\/i0.wp.com\/jubile2025-fatima.org\/wp-content\/uploads\/2025\/05\/IMG_9889.jpg?resize=300%2C300&amp;ssl=1 300w, https:\/\/i0.wp.com\/jubile2025-fatima.org\/wp-content\/uploads\/2025\/05\/IMG_9889.jpg?resize=1024%2C1024&amp;ssl=1 1024w, https:\/\/i0.wp.com\/jubile2025-fatima.org\/wp-content\/uploads\/2025\/05\/IMG_9889.jpg?resize=150%2C150&amp;ssl=1 150w, https:\/\/i0.wp.com\/jubile2025-fatima.org\/wp-content\/uploads\/2025\/05\/IMG_9889.jpg?resize=768%2C768&amp;ssl=1 768w, https:\/\/i0.wp.com\/jubile2025-fatima.org\/wp-content\/uploads\/2025\/05\/IMG_9889.jpg?resize=1536%2C1536&amp;ssl=1 1536w\" sizes=\"(max-width: 1000px) 100vw, 1000px\" \/><\/figure>\n<\/div>\n\n\n\n<div class=\"wp-block-column is-layout-flow wp-block-column-is-layout-flow\">\n<figure class=\"wp-block-image aligncenter size-full\"><img data-recalc-dims=\"1\" decoding=\"async\" width=\"1280\" height=\"853\" src=\"https:\/\/i0.wp.com\/jubile2025-fatima.org\/wp-content\/uploads\/2025\/05\/photo-3.jpg?resize=1280%2C853&#038;ssl=1\" alt=\"\" class=\"wp-image-7580\" style=\"aspect-ratio:1;object-fit:cover\" srcset=\"https:\/\/i0.wp.com\/jubile2025-fatima.org\/wp-content\/uploads\/2025\/05\/photo-3.jpg?w=1280&amp;ssl=1 1280w, https:\/\/i0.wp.com\/jubile2025-fatima.org\/wp-content\/uploads\/2025\/05\/photo-3.jpg?resize=300%2C200&amp;ssl=1 300w, https:\/\/i0.wp.com\/jubile2025-fatima.org\/wp-content\/uploads\/2025\/05\/photo-3.jpg?resize=1024%2C682&amp;ssl=1 1024w, https:\/\/i0.wp.com\/jubile2025-fatima.org\/wp-content\/uploads\/2025\/05\/photo-3.jpg?resize=768%2C512&amp;ssl=1 768w\" sizes=\"(max-width: 1000px) 100vw, 1000px\" \/><\/figure>\n<\/div>\n<\/div>\n\n\n\n<p><strong>Closing the event: <\/strong>At around 1 p.m., with mass over, the crowd of faithful began to make their way home. Meanwhile, a conference has been organized for the afternoon, bringing together 500 priests, nuns and organizers for a grand closing meal. The Shrine&#8217;s Rector began by expressing his joy at seeing such an event take place in honor of the Blessed Virgin. Then, the Alliance of 1st Saturdays will recall the various aspects of Fatima and 1st Saturdays, to deepen understanding of this great request of the Blessed Virgin. Finally, Monsignor Bonaventure Nahimana will bring the day to a close with a reminder of the importance of peace and charity among all. Then the whole audience intones a final <em>Hail Mary<\/em>, in salute to the One whom everyone has come to serve and honor on this 1st Saturday of the month, and who, in the silence of Heaven, has made the unattainable possible.     <\/p>\n\n\n\n<p><strong>The last shall be first <\/strong>: so what can we say about such an event? To date, Burundi is the country that will have put the most energy and faith into the Jubilee 2025 to make reparation for the offences committed against the Immaculate Heart of Mary. And meanwhile, at home, in France, Europe, the United States or elsewhere, what are we doing? Are thousands of us coming to the foot of Our Lady every 1st Saturday to perform the act of obedience she has asked of us? No. We delay. We procrastinate. So let&#8217;s look at the faithful of Burundi. Let&#8217;s take a good look. Will we be able to follow the admirable example set by those whose material poverty makes them so rich in humility and obedience to Our Lady? Their reward will be great in heaven.            <\/p>\n\n\n\n<div class=\"wp-block-group has-contrast-color has-contrast-2-background-color has-text-color has-background has-link-color wp-elements-c377532c6ea028e9b3659d0c23925075 has-global-padding is-layout-constrained wp-container-core-group-is-layout-81115059 wp-block-group-is-layout-constrained\" style=\"padding-top:25px;padding-right:25px;padding-bottom:25px;padding-left:25px\">\n<p>The next<sup>1st<\/sup> Saturday of the Jubilee month, June 7, 2025, will now take place in North America at the Crosse Shrine dedicated to <strong>Our Lady of Guadalupe<\/strong>. For the first time, it will be a cardinal, <strong>Cardinal Burke<\/strong>, who will celebrate the<sup>1st<\/sup> Saturday. <\/p>\n<\/div>\n<\/div>\n","protected":false},"excerpt":{"rendered":"<p>The fifth1st Saturday of the Jubilee month, May 3, 2025, was held on the African continent. The chosen shrine was that of &#8220;Marie Reine de la Paix&#8221; in Mugera, Burundi. This country, the poorest in Africa, is at the heart of the Great Lakes region, a region affected by a war that has claimed almost [&hellip;]<\/p>\n","protected":false},"author":2,"featured_media":7655,"comment_status":"open","ping_status":"open","sticky":false,"template":"","format":"standard","meta":{"inline_featured_image":false,"_jetpack_memberships_contains_paid_content":false,"footnotes":""},"categories":[1],"tags":[],"class_list":["post-7717","post","type-post","status-publish","format-standard","has-post-thumbnail","hentry","category-non-classifiee"],"mb":[],"yoast_head":"<!-- This site is optimized with the Yoast SEO plugin v26.4 - https:\/\/yoast.com\/wordpress\/plugins\/seo\/ -->\n<title>May 3, 2025, an unusual 1st Saturday of the month with nearly 10,000 faithful in Burundi - jubile2025-fatima.org<\/title>\n<meta name=\"robots\" content=\"index, follow, max-snippet:-1, max-image-preview:large, max-video-preview:-1\" \/>\n<link rel=\"canonical\" href=\"https:\/\/jubile2025-fatima.org\/en\/may-3-2025-an-unusual-1st-saturday-of-the-month-with-nearly-10000-faithful-in-burundi\/\" \/>\n<meta property=\"og:locale\" content=\"en_US\" \/>\n<meta property=\"og:type\" content=\"article\" \/>\n<meta property=\"og:title\" content=\"May 3, 2025, an unusual 1st Saturday of the month with nearly 10,000 faithful in Burundi - jubile2025-fatima.org\" \/>\n<meta property=\"og:description\" content=\"The fifth1st Saturday of the Jubilee month, May 3, 2025, was held on the African continent. The chosen shrine was that of &#8220;Marie Reine de la Paix&#8221; in Mugera, Burundi. This country, the poorest in Africa, is at the heart of the Great Lakes region, a region affected by a war that has claimed almost [&hellip;]\" \/>\n<meta property=\"og:url\" content=\"https:\/\/jubile2025-fatima.org\/en\/may-3-2025-an-unusual-1st-saturday-of-the-month-with-nearly-10000-faithful-in-burundi\/\" \/>\n<meta property=\"og:site_name\" content=\"jubile2025-fatima.org\" \/>\n<meta property=\"article:published_time\" content=\"2025-05-13T07:39:12+00:00\" \/>\n<meta property=\"article:modified_time\" content=\"2025-05-15T16:16:41+00:00\" \/>\n<meta property=\"og:image\" content=\"https:\/\/jubile2025-fatima.org\/wp-content\/uploads\/2025\/05\/sdsd.jpg\" \/>\n\t<meta property=\"og:image:width\" content=\"1434\" \/>\n\t<meta property=\"og:image:height\" content=\"807\" \/>\n\t<meta property=\"og:image:type\" content=\"image\/jpeg\" \/>\n<meta name=\"author\" content=\"Agence Graphineo\" \/>\n<meta name=\"twitter:card\" content=\"summary_large_image\" \/>\n<meta name=\"twitter:label1\" content=\"Written by\" \/>\n\t<meta name=\"twitter:data1\" content=\"Agence Graphineo\" \/>\n\t<meta name=\"twitter:label2\" content=\"Est. reading time\" \/>\n\t<meta name=\"twitter:data2\" content=\"7 minutes\" \/>\n<script type=\"application\/ld+json\" class=\"yoast-schema-graph\">{\"@context\":\"https:\/\/schema.org\",\"@graph\":[{\"@type\":\"Article\",\"@id\":\"https:\/\/jubile2025-fatima.org\/en\/may-3-2025-an-unusual-1st-saturday-of-the-month-with-nearly-10000-faithful-in-burundi\/#article\",\"isPartOf\":{\"@id\":\"https:\/\/jubile2025-fatima.org\/en\/may-3-2025-an-unusual-1st-saturday-of-the-month-with-nearly-10000-faithful-in-burundi\/\"},\"author\":{\"name\":\"Agence Graphineo\",\"@id\":\"https:\/\/jubile2025-fatima.org\/en\/#\/schema\/person\/3e263883fb3f5561599278ba839787f0\"},\"headline\":\"May 3, 2025, an unusual 1st Saturday of the month with nearly 10,000 faithful in Burundi\",\"datePublished\":\"2025-05-13T07:39:12+00:00\",\"dateModified\":\"2025-05-15T16:16:41+00:00\",\"mainEntityOfPage\":{\"@id\":\"https:\/\/jubile2025-fatima.org\/en\/may-3-2025-an-unusual-1st-saturday-of-the-month-with-nearly-10000-faithful-in-burundi\/\"},\"wordCount\":1500,\"commentCount\":0,\"publisher\":{\"@id\":\"https:\/\/jubile2025-fatima.org\/en\/#organization\"},\"image\":{\"@id\":\"https:\/\/jubile2025-fatima.org\/en\/may-3-2025-an-unusual-1st-saturday-of-the-month-with-nearly-10000-faithful-in-burundi\/#primaryimage\"},\"thumbnailUrl\":\"https:\/\/i0.wp.com\/jubile2025-fatima.org\/wp-content\/uploads\/2025\/05\/sdsd.jpg?fit=1434%2C807&ssl=1\",\"articleSection\":[\"Non classifi\u00e9(e)\"],\"inLanguage\":\"en-US\",\"potentialAction\":[{\"@type\":\"CommentAction\",\"name\":\"Comment\",\"target\":[\"https:\/\/jubile2025-fatima.org\/en\/may-3-2025-an-unusual-1st-saturday-of-the-month-with-nearly-10000-faithful-in-burundi\/#respond\"]}]},{\"@type\":\"WebPage\",\"@id\":\"https:\/\/jubile2025-fatima.org\/en\/may-3-2025-an-unusual-1st-saturday-of-the-month-with-nearly-10000-faithful-in-burundi\/\",\"url\":\"https:\/\/jubile2025-fatima.org\/en\/may-3-2025-an-unusual-1st-saturday-of-the-month-with-nearly-10000-faithful-in-burundi\/\",\"name\":\"May 3, 2025, an unusual 1st Saturday of the month with nearly 10,000 faithful in Burundi - jubile2025-fatima.org\",\"isPartOf\":{\"@id\":\"https:\/\/jubile2025-fatima.org\/en\/#website\"},\"primaryImageOfPage\":{\"@id\":\"https:\/\/jubile2025-fatima.org\/en\/may-3-2025-an-unusual-1st-saturday-of-the-month-with-nearly-10000-faithful-in-burundi\/#primaryimage\"},\"image\":{\"@id\":\"https:\/\/jubile2025-fatima.org\/en\/may-3-2025-an-unusual-1st-saturday-of-the-month-with-nearly-10000-faithful-in-burundi\/#primaryimage\"},\"thumbnailUrl\":\"https:\/\/i0.wp.com\/jubile2025-fatima.org\/wp-content\/uploads\/2025\/05\/sdsd.jpg?fit=1434%2C807&ssl=1\",\"datePublished\":\"2025-05-13T07:39:12+00:00\",\"dateModified\":\"2025-05-15T16:16:41+00:00\",\"breadcrumb\":{\"@id\":\"https:\/\/jubile2025-fatima.org\/en\/may-3-2025-an-unusual-1st-saturday-of-the-month-with-nearly-10000-faithful-in-burundi\/#breadcrumb\"},\"inLanguage\":\"en-US\",\"potentialAction\":[{\"@type\":\"ReadAction\",\"target\":[\"https:\/\/jubile2025-fatima.org\/en\/may-3-2025-an-unusual-1st-saturday-of-the-month-with-nearly-10000-faithful-in-burundi\/\"]}]},{\"@type\":\"ImageObject\",\"inLanguage\":\"en-US\",\"@id\":\"https:\/\/jubile2025-fatima.org\/en\/may-3-2025-an-unusual-1st-saturday-of-the-month-with-nearly-10000-faithful-in-burundi\/#primaryimage\",\"url\":\"https:\/\/i0.wp.com\/jubile2025-fatima.org\/wp-content\/uploads\/2025\/05\/sdsd.jpg?fit=1434%2C807&ssl=1\",\"contentUrl\":\"https:\/\/i0.wp.com\/jubile2025-fatima.org\/wp-content\/uploads\/2025\/05\/sdsd.jpg?fit=1434%2C807&ssl=1\",\"width\":1434,\"height\":807},{\"@type\":\"BreadcrumbList\",\"@id\":\"https:\/\/jubile2025-fatima.org\/en\/may-3-2025-an-unusual-1st-saturday-of-the-month-with-nearly-10000-faithful-in-burundi\/#breadcrumb\",\"itemListElement\":[{\"@type\":\"ListItem\",\"position\":1,\"name\":\"Home\",\"item\":\"https:\/\/jubile2025-fatima.org\/en\/\"},{\"@type\":\"ListItem\",\"position\":2,\"name\":\"May 3, 2025, an unusual 1st Saturday of the month with nearly 10,000 faithful in Burundi\"}]},{\"@type\":\"WebSite\",\"@id\":\"https:\/\/jubile2025-fatima.org\/en\/#website\",\"url\":\"https:\/\/jubile2025-fatima.org\/en\/\",\"name\":\"jubile2025-fatima.org\",\"description\":\"Jubile 2025 Fatima - 1st Saturdays of Fatima Alliance for Peace\",\"publisher\":{\"@id\":\"https:\/\/jubile2025-fatima.org\/en\/#organization\"},\"potentialAction\":[{\"@type\":\"SearchAction\",\"target\":{\"@type\":\"EntryPoint\",\"urlTemplate\":\"https:\/\/jubile2025-fatima.org\/en\/?s={search_term_string}\"},\"query-input\":{\"@type\":\"PropertyValueSpecification\",\"valueRequired\":true,\"valueName\":\"search_term_string\"}}],\"inLanguage\":\"en-US\"},{\"@type\":\"Organization\",\"@id\":\"https:\/\/jubile2025-fatima.org\/en\/#organization\",\"name\":\"jubile2025-fatima.org\",\"url\":\"https:\/\/jubile2025-fatima.org\/en\/\",\"logo\":{\"@type\":\"ImageObject\",\"inLanguage\":\"en-US\",\"@id\":\"https:\/\/jubile2025-fatima.org\/en\/#\/schema\/logo\/image\/\",\"url\":\"https:\/\/jubile2025-fatima.org\/wp-content\/uploads\/2024\/12\/2logo-officiel-copie-2.png\",\"contentUrl\":\"https:\/\/jubile2025-fatima.org\/wp-content\/uploads\/2024\/12\/2logo-officiel-copie-2.png\",\"width\":1921,\"height\":1081,\"caption\":\"jubile2025-fatima.org\"},\"image\":{\"@id\":\"https:\/\/jubile2025-fatima.org\/en\/#\/schema\/logo\/image\/\"}},{\"@type\":\"Person\",\"@id\":\"https:\/\/jubile2025-fatima.org\/en\/#\/schema\/person\/3e263883fb3f5561599278ba839787f0\",\"name\":\"Agence Graphineo\",\"image\":{\"@type\":\"ImageObject\",\"inLanguage\":\"en-US\",\"@id\":\"https:\/\/jubile2025-fatima.org\/en\/#\/schema\/person\/image\/\",\"url\":\"https:\/\/secure.gravatar.com\/avatar\/b09ee5edb89ddbcb2e990bb1c3edd842e21624f2e891d3a0281ada0b693ac30b?s=96&d=mm&r=g\",\"contentUrl\":\"https:\/\/secure.gravatar.com\/avatar\/b09ee5edb89ddbcb2e990bb1c3edd842e21624f2e891d3a0281ada0b693ac30b?s=96&d=mm&r=g\",\"caption\":\"Agence Graphineo\"},\"sameAs\":[\"https:\/\/graphineo.com\/\"],\"url\":\"https:\/\/jubile2025-fatima.org\/en\/author\/graphineo\/\"}]}<\/script>\n<!-- \/ Yoast SEO plugin. -->","yoast_head_json":{"title":"May 3, 2025, an unusual 1st Saturday of the month with nearly 10,000 faithful in Burundi - jubile2025-fatima.org","robots":{"index":"index","follow":"follow","max-snippet":"max-snippet:-1","max-image-preview":"max-image-preview:large","max-video-preview":"max-video-preview:-1"},"canonical":"https:\/\/jubile2025-fatima.org\/en\/may-3-2025-an-unusual-1st-saturday-of-the-month-with-nearly-10000-faithful-in-burundi\/","og_locale":"en_US","og_type":"article","og_title":"May 3, 2025, an unusual 1st Saturday of the month with nearly 10,000 faithful in Burundi - jubile2025-fatima.org","og_description":"The fifth1st Saturday of the Jubilee month, May 3, 2025, was held on the African continent. The chosen shrine was that of &#8220;Marie Reine de la Paix&#8221; in Mugera, Burundi. This country, the poorest in Africa, is at the heart of the Great Lakes region, a region affected by a war that has claimed almost [&hellip;]","og_url":"https:\/\/jubile2025-fatima.org\/en\/may-3-2025-an-unusual-1st-saturday-of-the-month-with-nearly-10000-faithful-in-burundi\/","og_site_name":"jubile2025-fatima.org","article_published_time":"2025-05-13T07:39:12+00:00","article_modified_time":"2025-05-15T16:16:41+00:00","og_image":[{"width":1434,"height":807,"url":"https:\/\/jubile2025-fatima.org\/wp-content\/uploads\/2025\/05\/sdsd.jpg","type":"image\/jpeg"}],"author":"Agence Graphineo","twitter_card":"summary_large_image","twitter_misc":{"Written by":"Agence Graphineo","Est. reading time":"7 minutes"},"schema":{"@context":"https:\/\/schema.org","@graph":[{"@type":"Article","@id":"https:\/\/jubile2025-fatima.org\/en\/may-3-2025-an-unusual-1st-saturday-of-the-month-with-nearly-10000-faithful-in-burundi\/#article","isPartOf":{"@id":"https:\/\/jubile2025-fatima.org\/en\/may-3-2025-an-unusual-1st-saturday-of-the-month-with-nearly-10000-faithful-in-burundi\/"},"author":{"name":"Agence Graphineo","@id":"https:\/\/jubile2025-fatima.org\/en\/#\/schema\/person\/3e263883fb3f5561599278ba839787f0"},"headline":"May 3, 2025, an unusual 1st Saturday of the month with nearly 10,000 faithful in Burundi","datePublished":"2025-05-13T07:39:12+00:00","dateModified":"2025-05-15T16:16:41+00:00","mainEntityOfPage":{"@id":"https:\/\/jubile2025-fatima.org\/en\/may-3-2025-an-unusual-1st-saturday-of-the-month-with-nearly-10000-faithful-in-burundi\/"},"wordCount":1500,"commentCount":0,"publisher":{"@id":"https:\/\/jubile2025-fatima.org\/en\/#organization"},"image":{"@id":"https:\/\/jubile2025-fatima.org\/en\/may-3-2025-an-unusual-1st-saturday-of-the-month-with-nearly-10000-faithful-in-burundi\/#primaryimage"},"thumbnailUrl":"https:\/\/i0.wp.com\/jubile2025-fatima.org\/wp-content\/uploads\/2025\/05\/sdsd.jpg?fit=1434%2C807&ssl=1","articleSection":["Non classifi\u00e9(e)"],"inLanguage":"en-US","potentialAction":[{"@type":"CommentAction","name":"Comment","target":["https:\/\/jubile2025-fatima.org\/en\/may-3-2025-an-unusual-1st-saturday-of-the-month-with-nearly-10000-faithful-in-burundi\/#respond"]}]},{"@type":"WebPage","@id":"https:\/\/jubile2025-fatima.org\/en\/may-3-2025-an-unusual-1st-saturday-of-the-month-with-nearly-10000-faithful-in-burundi\/","url":"https:\/\/jubile2025-fatima.org\/en\/may-3-2025-an-unusual-1st-saturday-of-the-month-with-nearly-10000-faithful-in-burundi\/","name":"May 3, 2025, an unusual 1st Saturday of the month with nearly 10,000 faithful in Burundi - jubile2025-fatima.org","isPartOf":{"@id":"https:\/\/jubile2025-fatima.org\/en\/#website"},"primaryImageOfPage":{"@id":"https:\/\/jubile2025-fatima.org\/en\/may-3-2025-an-unusual-1st-saturday-of-the-month-with-nearly-10000-faithful-in-burundi\/#primaryimage"},"image":{"@id":"https:\/\/jubile2025-fatima.org\/en\/may-3-2025-an-unusual-1st-saturday-of-the-month-with-nearly-10000-faithful-in-burundi\/#primaryimage"},"thumbnailUrl":"https:\/\/i0.wp.com\/jubile2025-fatima.org\/wp-content\/uploads\/2025\/05\/sdsd.jpg?fit=1434%2C807&ssl=1","datePublished":"2025-05-13T07:39:12+00:00","dateModified":"2025-05-15T16:16:41+00:00","breadcrumb":{"@id":"https:\/\/jubile2025-fatima.org\/en\/may-3-2025-an-unusual-1st-saturday-of-the-month-with-nearly-10000-faithful-in-burundi\/#breadcrumb"},"inLanguage":"en-US","potentialAction":[{"@type":"ReadAction","target":["https:\/\/jubile2025-fatima.org\/en\/may-3-2025-an-unusual-1st-saturday-of-the-month-with-nearly-10000-faithful-in-burundi\/"]}]},{"@type":"ImageObject","inLanguage":"en-US","@id":"https:\/\/jubile2025-fatima.org\/en\/may-3-2025-an-unusual-1st-saturday-of-the-month-with-nearly-10000-faithful-in-burundi\/#primaryimage","url":"https:\/\/i0.wp.com\/jubile2025-fatima.org\/wp-content\/uploads\/2025\/05\/sdsd.jpg?fit=1434%2C807&ssl=1","contentUrl":"https:\/\/i0.wp.com\/jubile2025-fatima.org\/wp-content\/uploads\/2025\/05\/sdsd.jpg?fit=1434%2C807&ssl=1","width":1434,"height":807},{"@type":"BreadcrumbList","@id":"https:\/\/jubile2025-fatima.org\/en\/may-3-2025-an-unusual-1st-saturday-of-the-month-with-nearly-10000-faithful-in-burundi\/#breadcrumb","itemListElement":[{"@type":"ListItem","position":1,"name":"Home","item":"https:\/\/jubile2025-fatima.org\/en\/"},{"@type":"ListItem","position":2,"name":"May 3, 2025, an unusual 1st Saturday of the month with nearly 10,000 faithful in Burundi"}]},{"@type":"WebSite","@id":"https:\/\/jubile2025-fatima.org\/en\/#website","url":"https:\/\/jubile2025-fatima.org\/en\/","name":"jubile2025-fatima.org","description":"Jubile 2025 Fatima - 1st Saturdays of Fatima Alliance for Peace","publisher":{"@id":"https:\/\/jubile2025-fatima.org\/en\/#organization"},"potentialAction":[{"@type":"SearchAction","target":{"@type":"EntryPoint","urlTemplate":"https:\/\/jubile2025-fatima.org\/en\/?s={search_term_string}"},"query-input":{"@type":"PropertyValueSpecification","valueRequired":true,"valueName":"search_term_string"}}],"inLanguage":"en-US"},{"@type":"Organization","@id":"https:\/\/jubile2025-fatima.org\/en\/#organization","name":"jubile2025-fatima.org","url":"https:\/\/jubile2025-fatima.org\/en\/","logo":{"@type":"ImageObject","inLanguage":"en-US","@id":"https:\/\/jubile2025-fatima.org\/en\/#\/schema\/logo\/image\/","url":"https:\/\/jubile2025-fatima.org\/wp-content\/uploads\/2024\/12\/2logo-officiel-copie-2.png","contentUrl":"https:\/\/jubile2025-fatima.org\/wp-content\/uploads\/2024\/12\/2logo-officiel-copie-2.png","width":1921,"height":1081,"caption":"jubile2025-fatima.org"},"image":{"@id":"https:\/\/jubile2025-fatima.org\/en\/#\/schema\/logo\/image\/"}},{"@type":"Person","@id":"https:\/\/jubile2025-fatima.org\/en\/#\/schema\/person\/3e263883fb3f5561599278ba839787f0","name":"Agence Graphineo","image":{"@type":"ImageObject","inLanguage":"en-US","@id":"https:\/\/jubile2025-fatima.org\/en\/#\/schema\/person\/image\/","url":"https:\/\/secure.gravatar.com\/avatar\/b09ee5edb89ddbcb2e990bb1c3edd842e21624f2e891d3a0281ada0b693ac30b?s=96&d=mm&r=g","contentUrl":"https:\/\/secure.gravatar.com\/avatar\/b09ee5edb89ddbcb2e990bb1c3edd842e21624f2e891d3a0281ada0b693ac30b?s=96&d=mm&r=g","caption":"Agence Graphineo"},"sameAs":["https:\/\/graphineo.com\/"],"url":"https:\/\/jubile2025-fatima.org\/en\/author\/graphineo\/"}]}},"jetpack_featured_media_url":"https:\/\/i0.wp.com\/jubile2025-fatima.org\/wp-content\/uploads\/2025\/05\/sdsd.jpg?fit=1434%2C807&ssl=1","jetpack_sharing_enabled":true,"jetpack-related-posts":[{"id":6861,"url":"https:\/\/jubile2025-fatima.org\/en\/an-unprecedented-1st-saturday-in-burundi-on-may-3\/","url_meta":{"origin":7717,"position":0},"title":"An unprecedented 1st Saturday in Burundi on May 3!","author":"Agence Graphineo","date":"April 25, 2025","format":false,"excerpt":"For the first time since the Virgin Mary's request at Fatima in 1925, the entire Church of a country will gather around the Blessed Virgin to answer her call!","rel":"","context":"In &quot;Non classifi\u00e9(e)&quot;","block_context":{"text":"Non classifi\u00e9(e)","link":"https:\/\/jubile2025-fatima.org\/en\/category\/non-classifiee\/"},"img":{"alt_text":"","src":"https:\/\/i0.wp.com\/jubile2025-fatima.org\/wp-content\/uploads\/2025\/04\/bdi_burundi_assumption_2019_04_imvaho-2959703335.jpg?fit=1080%2C720&ssl=1&resize=350%2C200","width":350,"height":200,"srcset":"https:\/\/i0.wp.com\/jubile2025-fatima.org\/wp-content\/uploads\/2025\/04\/bdi_burundi_assumption_2019_04_imvaho-2959703335.jpg?fit=1080%2C720&ssl=1&resize=350%2C200 1x, https:\/\/i0.wp.com\/jubile2025-fatima.org\/wp-content\/uploads\/2025\/04\/bdi_burundi_assumption_2019_04_imvaho-2959703335.jpg?fit=1080%2C720&ssl=1&resize=525%2C300 1.5x, https:\/\/i0.wp.com\/jubile2025-fatima.org\/wp-content\/uploads\/2025\/04\/bdi_burundi_assumption_2019_04_imvaho-2959703335.jpg?fit=1080%2C720&ssl=1&resize=700%2C400 2x, https:\/\/i0.wp.com\/jubile2025-fatima.org\/wp-content\/uploads\/2025\/04\/bdi_burundi_assumption_2019_04_imvaho-2959703335.jpg?fit=1080%2C720&ssl=1&resize=1050%2C600 3x"},"classes":[]},{"id":4288,"url":"https:\/\/jubile2025-fatima.org\/en\/lebanon-peace-maintained-for-1st-saturday\/","url_meta":{"origin":7717,"position":1},"title":"Lebanon, peace maintained for 1st Saturday.","author":"Agence Graphineo","date":"February 18, 2025","format":false,"excerpt":"Lebanon, peace maintained for the 1st Saturday of the month at the Maghdouch\u00e9 sanctuary.","rel":"","context":"In &quot;Non classifi\u00e9(e)&quot;","block_context":{"text":"Non classifi\u00e9(e)","link":"https:\/\/jubile2025-fatima.org\/en\/category\/non-classifiee\/"},"img":{"alt_text":"","src":"https:\/\/i0.wp.com\/jubile2025-fatima.org\/wp-content\/uploads\/2025\/02\/083.JPG.jpg?fit=1200%2C855&ssl=1&resize=350%2C200","width":350,"height":200,"srcset":"https:\/\/i0.wp.com\/jubile2025-fatima.org\/wp-content\/uploads\/2025\/02\/083.JPG.jpg?fit=1200%2C855&ssl=1&resize=350%2C200 1x, https:\/\/i0.wp.com\/jubile2025-fatima.org\/wp-content\/uploads\/2025\/02\/083.JPG.jpg?fit=1200%2C855&ssl=1&resize=525%2C300 1.5x, https:\/\/i0.wp.com\/jubile2025-fatima.org\/wp-content\/uploads\/2025\/02\/083.JPG.jpg?fit=1200%2C855&ssl=1&resize=700%2C400 2x, https:\/\/i0.wp.com\/jubile2025-fatima.org\/wp-content\/uploads\/2025\/02\/083.JPG.jpg?fit=1200%2C855&ssl=1&resize=1050%2C600 3x"},"classes":[]},{"id":2499,"url":"https:\/\/jubile2025-fatima.org\/en\/preparing-for-the-1st-saturday-of-the-month-at-the-maghdouche-sanctuary-in-lebanon\/","url_meta":{"origin":7717,"position":2},"title":"Preparing for the 1st Saturday of the month at the Maghdouch\u00e9 sanctuary in Lebanon","author":"Agence Graphineo","date":"January 22, 2025","format":false,"excerpt":"The \"Jubilee of the 1st Saturdays of Fatima\" will continue on Saturday February1st at the Shrine of Maghdouch\u00e9, in Lebanon, also known as Our Lady of Waiting. This is where the Blessed Virgin used to wait for Jesus when he preached in the region. Mass will be celebrated by Monsignor\u2026","rel":"","context":"In &quot;Non classifi\u00e9(e)&quot;","block_context":{"text":"Non classifi\u00e9(e)","link":"https:\/\/jubile2025-fatima.org\/en\/category\/non-classifiee\/"},"img":{"alt_text":"","src":"https:\/\/i0.wp.com\/jubile2025-fatima.org\/wp-content\/uploads\/2025\/01\/cap.jpg?fit=1091%2C1200&ssl=1&resize=350%2C200","width":350,"height":200,"srcset":"https:\/\/i0.wp.com\/jubile2025-fatima.org\/wp-content\/uploads\/2025\/01\/cap.jpg?fit=1091%2C1200&ssl=1&resize=350%2C200 1x, https:\/\/i0.wp.com\/jubile2025-fatima.org\/wp-content\/uploads\/2025\/01\/cap.jpg?fit=1091%2C1200&ssl=1&resize=525%2C300 1.5x, https:\/\/i0.wp.com\/jubile2025-fatima.org\/wp-content\/uploads\/2025\/01\/cap.jpg?fit=1091%2C1200&ssl=1&resize=700%2C400 2x, https:\/\/i0.wp.com\/jubile2025-fatima.org\/wp-content\/uploads\/2025\/01\/cap.jpg?fit=1091%2C1200&ssl=1&resize=1050%2C600 3x"},"classes":[]},{"id":13181,"url":"https:\/\/jubile2025-fatima.org\/en\/rome-pontevedra-burundi-december-10-2025-centenary-of-our-ladys-petition\/","url_meta":{"origin":7717,"position":3},"title":"Rome, Pontevedra, Burundi, December 10, 2025 centenary of Our Lady&#8217;s petition","author":"Agence Graphineo","date":"January 15, 2026","format":false,"excerpt":"08h30. St. Peter's Square is already a hive of activity. Thousands of faithful are hurrying to their seats for the audience with the Holy Father. The Alliance des 1ers samedis de Fatima is present, with its members committed throughout the year: the organizers of the 1st Saturdays at the Grande\u2026","rel":"","context":"In &quot;Non classifi\u00e9(e)&quot;","block_context":{"text":"Non classifi\u00e9(e)","link":"https:\/\/jubile2025-fatima.org\/en\/category\/non-classifiee\/"},"img":{"alt_text":"","src":"https:\/\/i0.wp.com\/jubile2025-fatima.org\/wp-content\/uploads\/2025\/12\/IMAGE-2025-12-12-063658.jpg?fit=1200%2C900&ssl=1&resize=350%2C200","width":350,"height":200,"srcset":"https:\/\/i0.wp.com\/jubile2025-fatima.org\/wp-content\/uploads\/2025\/12\/IMAGE-2025-12-12-063658.jpg?fit=1200%2C900&ssl=1&resize=350%2C200 1x, https:\/\/i0.wp.com\/jubile2025-fatima.org\/wp-content\/uploads\/2025\/12\/IMAGE-2025-12-12-063658.jpg?fit=1200%2C900&ssl=1&resize=525%2C300 1.5x, https:\/\/i0.wp.com\/jubile2025-fatima.org\/wp-content\/uploads\/2025\/12\/IMAGE-2025-12-12-063658.jpg?fit=1200%2C900&ssl=1&resize=700%2C400 2x, https:\/\/i0.wp.com\/jubile2025-fatima.org\/wp-content\/uploads\/2025\/12\/IMAGE-2025-12-12-063658.jpg?fit=1200%2C900&ssl=1&resize=1050%2C600 3x"},"classes":[]},{"id":7058,"url":"https:\/\/jubile2025-fatima.org\/en\/conclave-appeal-to-catholics-to-work-together-to-fulfill-the-fatima-request-for-a-holy-pope\/","url_meta":{"origin":7717,"position":4},"title":"Conclave: appeal to Catholics to work together to fulfill the Fatima request for a holy pope","author":"Agence Graphineo","date":"April 30, 2025","format":false,"excerpt":"By the leaders of the Alliance 1ers Samedis de Fatima, Cap Fatima, Chapelet Perp\u00e9tuel pour le Monde, Hozana, Light in the Dark, Marie de Nazareth, ND de Chr\u00e9tient\u00e9 and all those to come who have not yet had time to join the call.","rel":"","context":"In &quot;Non classifi\u00e9(e)&quot;","block_context":{"text":"Non classifi\u00e9(e)","link":"https:\/\/jubile2025-fatima.org\/en\/category\/non-classifiee\/"},"img":{"alt_text":"","src":"https:\/\/i0.wp.com\/jubile2025-fatima.org\/wp-content\/uploads\/2025\/04\/5805671778821983836.jpg?fit=1024%2C1024&ssl=1&resize=350%2C200","width":350,"height":200,"srcset":"https:\/\/i0.wp.com\/jubile2025-fatima.org\/wp-content\/uploads\/2025\/04\/5805671778821983836.jpg?fit=1024%2C1024&ssl=1&resize=350%2C200 1x, https:\/\/i0.wp.com\/jubile2025-fatima.org\/wp-content\/uploads\/2025\/04\/5805671778821983836.jpg?fit=1024%2C1024&ssl=1&resize=525%2C300 1.5x, https:\/\/i0.wp.com\/jubile2025-fatima.org\/wp-content\/uploads\/2025\/04\/5805671778821983836.jpg?fit=1024%2C1024&ssl=1&resize=700%2C400 2x"},"classes":[]},{"id":11015,"url":"https:\/\/jubile2025-fatima.org\/en\/saturday-october-4-1045-a-m-notre-dame-de-paris\/","url_meta":{"origin":7717,"position":5},"title":"Saturday, October 4 10:45 a.m. Notre-Dame de Paris","author":"Agence Graphineo","date":"September 29, 2025","format":false,"excerpt":"For the first time since its reconstruction, the first Saturday of the month, requested by Our Lady of Fatima, will be celebrated at Notre-Dame Cathedral in Paris. This event is organized as part of the Jubilee 2025 of the 1st Saturdays of Fatima, which takes place all year round at\u2026","rel":"","context":"In &quot;Non classifi\u00e9(e)&quot;","block_context":{"text":"Non classifi\u00e9(e)","link":"https:\/\/jubile2025-fatima.org\/en\/category\/non-classifiee\/"},"img":{"alt_text":"","src":"https:\/\/i0.wp.com\/jubile2025-fatima.org\/wp-content\/uploads\/2025\/09\/636024960171743817-ThinkstockPhotos-467538408-665193068.jpg?fit=1200%2C678&ssl=1&resize=350%2C200","width":350,"height":200,"srcset":"https:\/\/i0.wp.com\/jubile2025-fatima.org\/wp-content\/uploads\/2025\/09\/636024960171743817-ThinkstockPhotos-467538408-665193068.jpg?fit=1200%2C678&ssl=1&resize=350%2C200 1x, https:\/\/i0.wp.com\/jubile2025-fatima.org\/wp-content\/uploads\/2025\/09\/636024960171743817-ThinkstockPhotos-467538408-665193068.jpg?fit=1200%2C678&ssl=1&resize=525%2C300 1.5x, https:\/\/i0.wp.com\/jubile2025-fatima.org\/wp-content\/uploads\/2025\/09\/636024960171743817-ThinkstockPhotos-467538408-665193068.jpg?fit=1200%2C678&ssl=1&resize=700%2C400 2x, https:\/\/i0.wp.com\/jubile2025-fatima.org\/wp-content\/uploads\/2025\/09\/636024960171743817-ThinkstockPhotos-467538408-665193068.jpg?fit=1200%2C678&ssl=1&resize=1050%2C600 3x"},"classes":[]}],"mfb_rest_fields":["title","yoast_head","yoast_head_json","jetpack_featured_media_url","jetpack_sharing_enabled","jetpack-related-posts"],"_links":{"self":[{"href":"https:\/\/jubile2025-fatima.org\/en\/wp-json\/wp\/v2\/posts\/7717","targetHints":{"allow":["GET"]}}],"collection":[{"href":"https:\/\/jubile2025-fatima.org\/en\/wp-json\/wp\/v2\/posts"}],"about":[{"href":"https:\/\/jubile2025-fatima.org\/en\/wp-json\/wp\/v2\/types\/post"}],"author":[{"embeddable":true,"href":"https:\/\/jubile2025-fatima.org\/en\/wp-json\/wp\/v2\/users\/2"}],"replies":[{"embeddable":true,"href":"https:\/\/jubile2025-fatima.org\/en\/wp-json\/wp\/v2\/comments?post=7717"}],"version-history":[{"count":1,"href":"https:\/\/jubile2025-fatima.org\/en\/wp-json\/wp\/v2\/posts\/7717\/revisions"}],"predecessor-version":[{"id":7718,"href":"https:\/\/jubile2025-fatima.org\/en\/wp-json\/wp\/v2\/posts\/7717\/revisions\/7718"}],"wp:featuredmedia":[{"embeddable":true,"href":"https:\/\/jubile2025-fatima.org\/en\/wp-json\/wp\/v2\/media\/7655"}],"wp:attachment":[{"href":"https:\/\/jubile2025-fatima.org\/en\/wp-json\/wp\/v2\/media?parent=7717"}],"wp:term":[{"taxonomy":"category","embeddable":true,"href":"https:\/\/jubile2025-fatima.org\/en\/wp-json\/wp\/v2\/categories?post=7717"},{"taxonomy":"post_tag","embeddable":true,"href":"https:\/\/jubile2025-fatima.org\/en\/wp-json\/wp\/v2\/tags?post=7717"}],"curies":[{"name":"wp","href":"https:\/\/api.w.org\/{rel}","templated":true}]}}