{"id":5498,"date":"2025-02-13T10:47:53","date_gmt":"2025-02-13T10:47:53","guid":{"rendered":"https:\/\/jubile2025-fatima.org\/sabados-por-la-paz-france-catholique\/"},"modified":"2025-03-21T10:43:09","modified_gmt":"2025-03-21T10:43:09","slug":"sabados-por-la-paz-france-catholique","status":"publish","type":"post","link":"https:\/\/jubile2025-fatima.org\/es\/sabados-por-la-paz-france-catholique\/","title":{"rendered":"S\u00e1bados por la paz (France Catholique)"},"content":{"rendered":"\n<div class=\"wp-block-group has-global-padding is-layout-constrained wp-block-group-is-layout-constrained\">\n<div class=\"wp-block-group has-accent-8-background-color has-background has-global-padding is-layout-constrained wp-container-core-group-is-layout-81115059 wp-block-group-is-layout-constrained\" style=\"padding-top:25px;padding-right:25px;padding-bottom:25px;padding-left:25px\">\n<p>En un art\u00edculo de Fran\u00e7ois Mennesson (publicado el 28 de enero de 2025), France Catholique anuncia el <strong>Jubileo 2025 del centenario de los Primeros S\u00e1bados del Mes por la Paz<\/strong>. Los Primeros S\u00e1bados fueron pedidos por Nuestra Se\u00f1ora de F\u00e1tima el 10 de diciembre de 2025 durante una aparici\u00f3n a la Hermana Luc\u00eda. <\/p>\n<\/div>\n\n\n\n<p>Se ha puesto en marcha un acontecimiento mundial para este Jubileo. Cada mes de 2025, el<sup>1er<\/sup> s\u00e1bado se celebrar\u00e1 solemnemente en uno o m\u00e1s de los principales santuarios del mundo en respuesta a esta petici\u00f3n de Nuestra Se\u00f1ora de F\u00e1tima. <\/p>\n\n\n\n<div class=\"wp-block-group has-global-padding is-layout-constrained wp-block-group-is-layout-constrained\">\n<p>En enero, el acto tuvo lugar en la Chapelle de la m\u00e9daille miraculeuse, Rue du Bac de Par\u00eds. En febrero, el<sup>1er<\/sup> s\u00e1bado tendr\u00e1 lugar en el santuario de Notre-Dame de l&#8217;Attente en Maghdouch\u00e9, L\u00edbano, con una celebraci\u00f3n presidida por Mons. Elie Bechara Haddad, arzobispo de Saida y Deir El Kamar de los greco-melquitas cat\u00f3licos. <\/p>\n\n\n\n<p>En marzo, el<sup>primer<\/sup> s\u00e1bado se celebrar\u00e1 en la Santa Casa de Nazaret, en el santuario de Loreto (Italia), y la meditaci\u00f3n se centrar\u00e1 en la Anunciaci\u00f3n.<\/p>\n\n\n\n<p>El Jubileo est\u00e1 siendo coordinado por la \u00abAlliance <sup>1ers<\/sup> samedis de Fatima pour la paix\u00bb, que tambi\u00e9n apoya a los fieles publicando una meditaci\u00f3n mensual sobre un misterio del rosario, en consonancia con el calendario lit\u00fargico. Una oportunidad para poner en pr\u00e1ctica esta devoci\u00f3n mariana tan importante para la paz. <\/p>\n\n\n\n<p class=\"has-text-align-center\">\ud83d\udccd Lea el art\u00edculo en France Catholique: s\u00e1bados por la paz<\/p>\n\n\n\n<div class=\"wp-block-buttons is-content-justification-center is-layout-flex wp-container-core-buttons-is-layout-a89b3969 wp-block-buttons-is-layout-flex\">\n<div class=\"wp-block-button\"><a class=\"wp-block-button__link wp-element-button\" href=\"https:\/\/www.france-catholique.fr\/des-samedis-pour-la-paix.html\" target=\"_blank\" rel=\"noreferrer noopener\">Ver el art\u00edculo sobre France Catholique<\/a><\/div>\n<\/div>\n\n\n\n<div class=\"wp-block-group has-global-padding is-layout-constrained wp-container-core-group-is-layout-a099c240 wp-block-group-is-layout-constrained\">\n<figure class=\"wp-block-image size-large\"><img data-recalc-dims=\"1\" decoding=\"async\" width=\"1024\" height=\"441\" src=\"https:\/\/i0.wp.com\/jubile2025-fatima.org\/wp-content\/uploads\/2025\/02\/cropped-logo-france-catholique-300-2.png?resize=1024%2C441&#038;ssl=1\" alt=\"\" class=\"wp-image-3547\" srcset=\"https:\/\/i0.wp.com\/jubile2025-fatima.org\/wp-content\/uploads\/2025\/02\/cropped-logo-france-catholique-300-2.png?resize=1024%2C441&amp;ssl=1 1024w, https:\/\/i0.wp.com\/jubile2025-fatima.org\/wp-content\/uploads\/2025\/02\/cropped-logo-france-catholique-300-2.png?resize=300%2C129&amp;ssl=1 300w, https:\/\/i0.wp.com\/jubile2025-fatima.org\/wp-content\/uploads\/2025\/02\/cropped-logo-france-catholique-300-2.png?resize=768%2C331&amp;ssl=1 768w, https:\/\/i0.wp.com\/jubile2025-fatima.org\/wp-content\/uploads\/2025\/02\/cropped-logo-france-catholique-300-2.png?resize=1536%2C662&amp;ssl=1 1536w, https:\/\/i0.wp.com\/jubile2025-fatima.org\/wp-content\/uploads\/2025\/02\/cropped-logo-france-catholique-300-2.png?w=1596&amp;ssl=1 1596w\" sizes=\"(max-width: 1000px) 100vw, 1000px\" \/><\/figure>\n<\/div>\n<\/div>\n<\/div>\n","protected":false},"excerpt":{"rendered":"<p>La p\u00e1gina web France Catholique destaca una importante iniciativa espiritual en un art\u00edculo de Fran\u00e7ois Mennesson (publicado el 28 de enero de 2025).  <\/p>\n","protected":false},"author":2,"featured_media":4343,"comment_status":"open","ping_status":"open","sticky":false,"template":"","format":"standard","meta":{"inline_featured_image":false,"_jetpack_memberships_contains_paid_content":false,"footnotes":""},"categories":[10],"tags":[],"class_list":["post-5498","post","type-post","status-publish","format-standard","has-post-thumbnail","hentry","category-sin-categorizar"],"mb":[],"yoast_head":"<!-- This site is optimized with the Yoast SEO plugin v26.4 - https:\/\/yoast.com\/wordpress\/plugins\/seo\/ -->\n<title>S\u00e1bados por la paz (France Catholique) - jubile2025-fatima.org<\/title>\n<meta name=\"robots\" content=\"index, follow, max-snippet:-1, max-image-preview:large, max-video-preview:-1\" \/>\n<link rel=\"canonical\" href=\"https:\/\/jubile2025-fatima.org\/es\/sabados-por-la-paz-france-catholique\/\" \/>\n<meta property=\"og:locale\" content=\"es_ES\" \/>\n<meta property=\"og:type\" content=\"article\" \/>\n<meta property=\"og:title\" content=\"S\u00e1bados por la paz (France Catholique) - jubile2025-fatima.org\" \/>\n<meta property=\"og:description\" content=\"La p\u00e1gina web France Catholique destaca una importante iniciativa espiritual en un art\u00edculo de Fran\u00e7ois Mennesson (publicado el 28 de enero de 2025).\" \/>\n<meta property=\"og:url\" content=\"https:\/\/jubile2025-fatima.org\/es\/sabados-por-la-paz-france-catholique\/\" \/>\n<meta property=\"og:site_name\" content=\"jubile2025-fatima.org\" \/>\n<meta property=\"article:published_time\" content=\"2025-02-13T10:47:53+00:00\" \/>\n<meta property=\"article:modified_time\" content=\"2025-03-21T10:43:09+00:00\" \/>\n<meta property=\"og:image\" content=\"https:\/\/i0.wp.com\/jubile2025-fatima.org\/wp-content\/uploads\/2025\/02\/cropped-logo-france-catholique-300-2.png?fit=1596%2C688&ssl=1\" \/>\n\t<meta property=\"og:image:width\" content=\"1596\" \/>\n\t<meta property=\"og:image:height\" content=\"688\" \/>\n\t<meta property=\"og:image:type\" content=\"image\/png\" \/>\n<meta name=\"author\" content=\"Agence Graphineo\" \/>\n<meta name=\"twitter:card\" content=\"summary_large_image\" \/>\n<meta name=\"twitter:label1\" content=\"Escrito por\" \/>\n\t<meta name=\"twitter:data1\" content=\"Agence Graphineo\" \/>\n\t<meta name=\"twitter:label2\" content=\"Tiempo de lectura\" \/>\n\t<meta name=\"twitter:data2\" content=\"1 minuto\" \/>\n<script type=\"application\/ld+json\" class=\"yoast-schema-graph\">{\"@context\":\"https:\/\/schema.org\",\"@graph\":[{\"@type\":\"Article\",\"@id\":\"https:\/\/jubile2025-fatima.org\/es\/sabados-por-la-paz-france-catholique\/#article\",\"isPartOf\":{\"@id\":\"https:\/\/jubile2025-fatima.org\/es\/sabados-por-la-paz-france-catholique\/\"},\"author\":{\"name\":\"Agence Graphineo\",\"@id\":\"https:\/\/jubile2025-fatima.org\/es\/#\/schema\/person\/3e263883fb3f5561599278ba839787f0\"},\"headline\":\"S\u00e1bados por la paz (France Catholique)\",\"datePublished\":\"2025-02-13T10:47:53+00:00\",\"dateModified\":\"2025-03-21T10:43:09+00:00\",\"mainEntityOfPage\":{\"@id\":\"https:\/\/jubile2025-fatima.org\/es\/sabados-por-la-paz-france-catholique\/\"},\"wordCount\":273,\"commentCount\":0,\"publisher\":{\"@id\":\"https:\/\/jubile2025-fatima.org\/es\/#organization\"},\"image\":{\"@id\":\"https:\/\/jubile2025-fatima.org\/es\/sabados-por-la-paz-france-catholique\/#primaryimage\"},\"thumbnailUrl\":\"https:\/\/i0.wp.com\/jubile2025-fatima.org\/wp-content\/uploads\/2025\/02\/IMAGE-2025-01-21-21_30_24.jpg?fit=960%2C1280&ssl=1\",\"articleSection\":[\"Sin categorizar\"],\"inLanguage\":\"es\",\"potentialAction\":[{\"@type\":\"CommentAction\",\"name\":\"Comment\",\"target\":[\"https:\/\/jubile2025-fatima.org\/es\/sabados-por-la-paz-france-catholique\/#respond\"]}]},{\"@type\":\"WebPage\",\"@id\":\"https:\/\/jubile2025-fatima.org\/es\/sabados-por-la-paz-france-catholique\/\",\"url\":\"https:\/\/jubile2025-fatima.org\/es\/sabados-por-la-paz-france-catholique\/\",\"name\":\"S\u00e1bados por la paz (France Catholique) - jubile2025-fatima.org\",\"isPartOf\":{\"@id\":\"https:\/\/jubile2025-fatima.org\/es\/#website\"},\"primaryImageOfPage\":{\"@id\":\"https:\/\/jubile2025-fatima.org\/es\/sabados-por-la-paz-france-catholique\/#primaryimage\"},\"image\":{\"@id\":\"https:\/\/jubile2025-fatima.org\/es\/sabados-por-la-paz-france-catholique\/#primaryimage\"},\"thumbnailUrl\":\"https:\/\/i0.wp.com\/jubile2025-fatima.org\/wp-content\/uploads\/2025\/02\/IMAGE-2025-01-21-21_30_24.jpg?fit=960%2C1280&ssl=1\",\"datePublished\":\"2025-02-13T10:47:53+00:00\",\"dateModified\":\"2025-03-21T10:43:09+00:00\",\"breadcrumb\":{\"@id\":\"https:\/\/jubile2025-fatima.org\/es\/sabados-por-la-paz-france-catholique\/#breadcrumb\"},\"inLanguage\":\"es\",\"potentialAction\":[{\"@type\":\"ReadAction\",\"target\":[\"https:\/\/jubile2025-fatima.org\/es\/sabados-por-la-paz-france-catholique\/\"]}]},{\"@type\":\"ImageObject\",\"inLanguage\":\"es\",\"@id\":\"https:\/\/jubile2025-fatima.org\/es\/sabados-por-la-paz-france-catholique\/#primaryimage\",\"url\":\"https:\/\/i0.wp.com\/jubile2025-fatima.org\/wp-content\/uploads\/2025\/02\/IMAGE-2025-01-21-21_30_24.jpg?fit=960%2C1280&ssl=1\",\"contentUrl\":\"https:\/\/i0.wp.com\/jubile2025-fatima.org\/wp-content\/uploads\/2025\/02\/IMAGE-2025-01-21-21_30_24.jpg?fit=960%2C1280&ssl=1\",\"width\":960,\"height\":1280},{\"@type\":\"BreadcrumbList\",\"@id\":\"https:\/\/jubile2025-fatima.org\/es\/sabados-por-la-paz-france-catholique\/#breadcrumb\",\"itemListElement\":[{\"@type\":\"ListItem\",\"position\":1,\"name\":\"Accueil\",\"item\":\"https:\/\/jubile2025-fatima.org\/es\/\"},{\"@type\":\"ListItem\",\"position\":2,\"name\":\"S\u00e1bados por la paz (France Catholique)\"}]},{\"@type\":\"WebSite\",\"@id\":\"https:\/\/jubile2025-fatima.org\/es\/#website\",\"url\":\"https:\/\/jubile2025-fatima.org\/es\/\",\"name\":\"jubile2025-fatima.org\",\"description\":\"Jubile 2025 Fatima - Alliance les 1ers samedis de de Fatima pour la paix\",\"publisher\":{\"@id\":\"https:\/\/jubile2025-fatima.org\/es\/#organization\"},\"potentialAction\":[{\"@type\":\"SearchAction\",\"target\":{\"@type\":\"EntryPoint\",\"urlTemplate\":\"https:\/\/jubile2025-fatima.org\/es\/?s={search_term_string}\"},\"query-input\":{\"@type\":\"PropertyValueSpecification\",\"valueRequired\":true,\"valueName\":\"search_term_string\"}}],\"inLanguage\":\"es\"},{\"@type\":\"Organization\",\"@id\":\"https:\/\/jubile2025-fatima.org\/es\/#organization\",\"name\":\"jubile2025-fatima.org\",\"url\":\"https:\/\/jubile2025-fatima.org\/es\/\",\"logo\":{\"@type\":\"ImageObject\",\"inLanguage\":\"es\",\"@id\":\"https:\/\/jubile2025-fatima.org\/es\/#\/schema\/logo\/image\/\",\"url\":\"https:\/\/jubile2025-fatima.org\/wp-content\/uploads\/2024\/12\/2logo-officiel-copie-2.png\",\"contentUrl\":\"https:\/\/jubile2025-fatima.org\/wp-content\/uploads\/2024\/12\/2logo-officiel-copie-2.png\",\"width\":1921,\"height\":1081,\"caption\":\"jubile2025-fatima.org\"},\"image\":{\"@id\":\"https:\/\/jubile2025-fatima.org\/es\/#\/schema\/logo\/image\/\"}},{\"@type\":\"Person\",\"@id\":\"https:\/\/jubile2025-fatima.org\/es\/#\/schema\/person\/3e263883fb3f5561599278ba839787f0\",\"name\":\"Agence Graphineo\",\"image\":{\"@type\":\"ImageObject\",\"inLanguage\":\"es\",\"@id\":\"https:\/\/jubile2025-fatima.org\/es\/#\/schema\/person\/image\/\",\"url\":\"https:\/\/secure.gravatar.com\/avatar\/b09ee5edb89ddbcb2e990bb1c3edd842e21624f2e891d3a0281ada0b693ac30b?s=96&d=mm&r=g\",\"contentUrl\":\"https:\/\/secure.gravatar.com\/avatar\/b09ee5edb89ddbcb2e990bb1c3edd842e21624f2e891d3a0281ada0b693ac30b?s=96&d=mm&r=g\",\"caption\":\"Agence Graphineo\"},\"sameAs\":[\"https:\/\/graphineo.com\/\"],\"url\":\"https:\/\/jubile2025-fatima.org\/es\/author\/graphineo\/\"}]}<\/script>\n<!-- \/ Yoast SEO plugin. -->","yoast_head_json":{"title":"S\u00e1bados por la paz (France Catholique) - jubile2025-fatima.org","robots":{"index":"index","follow":"follow","max-snippet":"max-snippet:-1","max-image-preview":"max-image-preview:large","max-video-preview":"max-video-preview:-1"},"canonical":"https:\/\/jubile2025-fatima.org\/es\/sabados-por-la-paz-france-catholique\/","og_locale":"es_ES","og_type":"article","og_title":"S\u00e1bados por la paz (France Catholique) - jubile2025-fatima.org","og_description":"La p\u00e1gina web France Catholique destaca una importante iniciativa espiritual en un art\u00edculo de Fran\u00e7ois Mennesson (publicado el 28 de enero de 2025).","og_url":"https:\/\/jubile2025-fatima.org\/es\/sabados-por-la-paz-france-catholique\/","og_site_name":"jubile2025-fatima.org","article_published_time":"2025-02-13T10:47:53+00:00","article_modified_time":"2025-03-21T10:43:09+00:00","og_image":[{"width":1596,"height":688,"url":"https:\/\/i0.wp.com\/jubile2025-fatima.org\/wp-content\/uploads\/2025\/02\/cropped-logo-france-catholique-300-2.png?fit=1596%2C688&ssl=1","type":"image\/png"}],"author":"Agence Graphineo","twitter_card":"summary_large_image","twitter_misc":{"Escrito por":"Agence Graphineo","Tiempo de lectura":"1 minuto"},"schema":{"@context":"https:\/\/schema.org","@graph":[{"@type":"Article","@id":"https:\/\/jubile2025-fatima.org\/es\/sabados-por-la-paz-france-catholique\/#article","isPartOf":{"@id":"https:\/\/jubile2025-fatima.org\/es\/sabados-por-la-paz-france-catholique\/"},"author":{"name":"Agence Graphineo","@id":"https:\/\/jubile2025-fatima.org\/es\/#\/schema\/person\/3e263883fb3f5561599278ba839787f0"},"headline":"S\u00e1bados por la paz (France Catholique)","datePublished":"2025-02-13T10:47:53+00:00","dateModified":"2025-03-21T10:43:09+00:00","mainEntityOfPage":{"@id":"https:\/\/jubile2025-fatima.org\/es\/sabados-por-la-paz-france-catholique\/"},"wordCount":273,"commentCount":0,"publisher":{"@id":"https:\/\/jubile2025-fatima.org\/es\/#organization"},"image":{"@id":"https:\/\/jubile2025-fatima.org\/es\/sabados-por-la-paz-france-catholique\/#primaryimage"},"thumbnailUrl":"https:\/\/i0.wp.com\/jubile2025-fatima.org\/wp-content\/uploads\/2025\/02\/IMAGE-2025-01-21-21_30_24.jpg?fit=960%2C1280&ssl=1","articleSection":["Sin categorizar"],"inLanguage":"es","potentialAction":[{"@type":"CommentAction","name":"Comment","target":["https:\/\/jubile2025-fatima.org\/es\/sabados-por-la-paz-france-catholique\/#respond"]}]},{"@type":"WebPage","@id":"https:\/\/jubile2025-fatima.org\/es\/sabados-por-la-paz-france-catholique\/","url":"https:\/\/jubile2025-fatima.org\/es\/sabados-por-la-paz-france-catholique\/","name":"S\u00e1bados por la paz (France Catholique) - jubile2025-fatima.org","isPartOf":{"@id":"https:\/\/jubile2025-fatima.org\/es\/#website"},"primaryImageOfPage":{"@id":"https:\/\/jubile2025-fatima.org\/es\/sabados-por-la-paz-france-catholique\/#primaryimage"},"image":{"@id":"https:\/\/jubile2025-fatima.org\/es\/sabados-por-la-paz-france-catholique\/#primaryimage"},"thumbnailUrl":"https:\/\/i0.wp.com\/jubile2025-fatima.org\/wp-content\/uploads\/2025\/02\/IMAGE-2025-01-21-21_30_24.jpg?fit=960%2C1280&ssl=1","datePublished":"2025-02-13T10:47:53+00:00","dateModified":"2025-03-21T10:43:09+00:00","breadcrumb":{"@id":"https:\/\/jubile2025-fatima.org\/es\/sabados-por-la-paz-france-catholique\/#breadcrumb"},"inLanguage":"es","potentialAction":[{"@type":"ReadAction","target":["https:\/\/jubile2025-fatima.org\/es\/sabados-por-la-paz-france-catholique\/"]}]},{"@type":"ImageObject","inLanguage":"es","@id":"https:\/\/jubile2025-fatima.org\/es\/sabados-por-la-paz-france-catholique\/#primaryimage","url":"https:\/\/i0.wp.com\/jubile2025-fatima.org\/wp-content\/uploads\/2025\/02\/IMAGE-2025-01-21-21_30_24.jpg?fit=960%2C1280&ssl=1","contentUrl":"https:\/\/i0.wp.com\/jubile2025-fatima.org\/wp-content\/uploads\/2025\/02\/IMAGE-2025-01-21-21_30_24.jpg?fit=960%2C1280&ssl=1","width":960,"height":1280},{"@type":"BreadcrumbList","@id":"https:\/\/jubile2025-fatima.org\/es\/sabados-por-la-paz-france-catholique\/#breadcrumb","itemListElement":[{"@type":"ListItem","position":1,"name":"Accueil","item":"https:\/\/jubile2025-fatima.org\/es\/"},{"@type":"ListItem","position":2,"name":"S\u00e1bados por la paz (France Catholique)"}]},{"@type":"WebSite","@id":"https:\/\/jubile2025-fatima.org\/es\/#website","url":"https:\/\/jubile2025-fatima.org\/es\/","name":"jubile2025-fatima.org","description":"Jubile 2025 Fatima - Alliance les 1ers samedis de de Fatima pour la paix","publisher":{"@id":"https:\/\/jubile2025-fatima.org\/es\/#organization"},"potentialAction":[{"@type":"SearchAction","target":{"@type":"EntryPoint","urlTemplate":"https:\/\/jubile2025-fatima.org\/es\/?s={search_term_string}"},"query-input":{"@type":"PropertyValueSpecification","valueRequired":true,"valueName":"search_term_string"}}],"inLanguage":"es"},{"@type":"Organization","@id":"https:\/\/jubile2025-fatima.org\/es\/#organization","name":"jubile2025-fatima.org","url":"https:\/\/jubile2025-fatima.org\/es\/","logo":{"@type":"ImageObject","inLanguage":"es","@id":"https:\/\/jubile2025-fatima.org\/es\/#\/schema\/logo\/image\/","url":"https:\/\/jubile2025-fatima.org\/wp-content\/uploads\/2024\/12\/2logo-officiel-copie-2.png","contentUrl":"https:\/\/jubile2025-fatima.org\/wp-content\/uploads\/2024\/12\/2logo-officiel-copie-2.png","width":1921,"height":1081,"caption":"jubile2025-fatima.org"},"image":{"@id":"https:\/\/jubile2025-fatima.org\/es\/#\/schema\/logo\/image\/"}},{"@type":"Person","@id":"https:\/\/jubile2025-fatima.org\/es\/#\/schema\/person\/3e263883fb3f5561599278ba839787f0","name":"Agence Graphineo","image":{"@type":"ImageObject","inLanguage":"es","@id":"https:\/\/jubile2025-fatima.org\/es\/#\/schema\/person\/image\/","url":"https:\/\/secure.gravatar.com\/avatar\/b09ee5edb89ddbcb2e990bb1c3edd842e21624f2e891d3a0281ada0b693ac30b?s=96&d=mm&r=g","contentUrl":"https:\/\/secure.gravatar.com\/avatar\/b09ee5edb89ddbcb2e990bb1c3edd842e21624f2e891d3a0281ada0b693ac30b?s=96&d=mm&r=g","caption":"Agence Graphineo"},"sameAs":["https:\/\/graphineo.com\/"],"url":"https:\/\/jubile2025-fatima.org\/es\/author\/graphineo\/"}]}},"jetpack_featured_media_url":"https:\/\/i0.wp.com\/jubile2025-fatima.org\/wp-content\/uploads\/2025\/02\/IMAGE-2025-01-21-21_30_24.jpg?fit=960%2C1280&ssl=1","jetpack_sharing_enabled":true,"jetpack-related-posts":[{"id":5501,"url":"https:\/\/jubile2025-fatima.org\/es\/libano-paz-mantenida-para-el-1er-sabado\/","url_meta":{"origin":5498,"position":0},"title":"L\u00edbano, paz mantenida para el 1er s\u00e1bado.","author":"Agence Graphineo","date":"febrero 18, 2025","format":false,"excerpt":"L\u00edbano, la paz se mantiene el primer s\u00e1bado de cada mes en el santuario de Maghdouch\u00e9.","rel":"","context":"En \u00abSin categorizar\u00bb","block_context":{"text":"Sin categorizar","link":"https:\/\/jubile2025-fatima.org\/es\/category\/sin-categorizar\/"},"img":{"alt_text":"","src":"https:\/\/i0.wp.com\/jubile2025-fatima.org\/wp-content\/uploads\/2025\/02\/083.JPG.jpg?fit=1200%2C855&ssl=1&resize=350%2C200","width":350,"height":200,"srcset":"https:\/\/i0.wp.com\/jubile2025-fatima.org\/wp-content\/uploads\/2025\/02\/083.JPG.jpg?fit=1200%2C855&ssl=1&resize=350%2C200 1x, https:\/\/i0.wp.com\/jubile2025-fatima.org\/wp-content\/uploads\/2025\/02\/083.JPG.jpg?fit=1200%2C855&ssl=1&resize=525%2C300 1.5x, https:\/\/i0.wp.com\/jubile2025-fatima.org\/wp-content\/uploads\/2025\/02\/083.JPG.jpg?fit=1200%2C855&ssl=1&resize=700%2C400 2x, https:\/\/i0.wp.com\/jubile2025-fatima.org\/wp-content\/uploads\/2025\/02\/083.JPG.jpg?fit=1200%2C855&ssl=1&resize=1050%2C600 3x"},"classes":[]},{"id":9627,"url":"https:\/\/jubile2025-fatima.org\/es\/del-13-al-21-de-agosto-de-2025-novena-para-que-el-papa-apruebe-y-recomiende-los-primeros-sabados-de-mes-en-toda-la-iglesia\/","url_meta":{"origin":5498,"position":1},"title":"Del 13 al 21 de agosto de 2025 Novena para que el Papa apruebe y recomiende los primeros s\u00e1bados de mes en toda la Iglesia.","author":"Agence Graphineo","date":"agosto 14, 2025","format":false,"excerpt":"Como sabemos, Nuestra Se\u00f1ora de F\u00e1tima hizo dos peticiones relativas a los primeros s\u00e1bados de mes: - que los fieles celebren estos primeros s\u00e1bados;- que el Papa haga un acto oficial para recomendar la pr\u00e1ctica de los primeros s\u00e1bados en toda la Iglesia. Al igual que la consagraci\u00f3n de Rusia,\u2026","rel":"","context":"En \u00abSin categorizar\u00bb","block_context":{"text":"Sin categorizar","link":"https:\/\/jubile2025-fatima.org\/es\/category\/sin-categorizar\/"},"img":{"alt_text":"","src":"https:\/\/i0.wp.com\/jubile2025-fatima.org\/wp-content\/uploads\/2025\/08\/WhatsApp-Image-2025-08-11-at-10.03.59.jpeg?fit=1080%2C620&ssl=1&resize=350%2C200","width":350,"height":200,"srcset":"https:\/\/i0.wp.com\/jubile2025-fatima.org\/wp-content\/uploads\/2025\/08\/WhatsApp-Image-2025-08-11-at-10.03.59.jpeg?fit=1080%2C620&ssl=1&resize=350%2C200 1x, https:\/\/i0.wp.com\/jubile2025-fatima.org\/wp-content\/uploads\/2025\/08\/WhatsApp-Image-2025-08-11-at-10.03.59.jpeg?fit=1080%2C620&ssl=1&resize=525%2C300 1.5x, https:\/\/i0.wp.com\/jubile2025-fatima.org\/wp-content\/uploads\/2025\/08\/WhatsApp-Image-2025-08-11-at-10.03.59.jpeg?fit=1080%2C620&ssl=1&resize=700%2C400 2x, https:\/\/i0.wp.com\/jubile2025-fatima.org\/wp-content\/uploads\/2025\/08\/WhatsApp-Image-2025-08-11-at-10.03.59.jpeg?fit=1080%2C620&ssl=1&resize=1050%2C600 3x"},"classes":[]},{"id":5507,"url":"https:\/\/jubile2025-fatima.org\/es\/la-devocion-de-los-cinco-primeros-sabados-de-mes-una-llamada-a-la-reparacion\/","url_meta":{"origin":5498,"position":2},"title":"La devoci\u00f3n de los cinco primeros s\u00e1bados de mes: una llamada a la reparaci\u00f3n","author":"Agence Graphineo","date":"febrero 20, 2025","format":false,"excerpt":"Instituida a petici\u00f3n de la Virgen Mar\u00eda, esta devoci\u00f3n centenaria invita a rezar y reparar las ofensas cometidas contra su Inmaculado Coraz\u00f3n. M\u00e1s informaci\u00f3n sobre su historia y su pr\u00e1ctica.","rel":"","context":"En \u00abSin categorizar\u00bb","block_context":{"text":"Sin categorizar","link":"https:\/\/jubile2025-fatima.org\/es\/category\/sin-categorizar\/"},"img":{"alt_text":"","src":"https:\/\/i0.wp.com\/jubile2025-fatima.org\/wp-content\/uploads\/2025\/02\/AdobeStock_90289585.jpeg?fit=1200%2C914&ssl=1&resize=350%2C200","width":350,"height":200,"srcset":"https:\/\/i0.wp.com\/jubile2025-fatima.org\/wp-content\/uploads\/2025\/02\/AdobeStock_90289585.jpeg?fit=1200%2C914&ssl=1&resize=350%2C200 1x, https:\/\/i0.wp.com\/jubile2025-fatima.org\/wp-content\/uploads\/2025\/02\/AdobeStock_90289585.jpeg?fit=1200%2C914&ssl=1&resize=525%2C300 1.5x, https:\/\/i0.wp.com\/jubile2025-fatima.org\/wp-content\/uploads\/2025\/02\/AdobeStock_90289585.jpeg?fit=1200%2C914&ssl=1&resize=700%2C400 2x, https:\/\/i0.wp.com\/jubile2025-fatima.org\/wp-content\/uploads\/2025\/02\/AdobeStock_90289585.jpeg?fit=1200%2C914&ssl=1&resize=1050%2C600 3x"},"classes":[]},{"id":2495,"url":"https:\/\/jubile2025-fatima.org\/es\/preparativos-para-el-primer-sabado-de-mes-en-el-santuario-de-maghdouche-en-el-libano\/","url_meta":{"origin":5498,"position":3},"title":"Preparativos para el primer s\u00e1bado de mes en el santuario de Maghdouch\u00e9 en el L\u00edbano","author":"Agence Graphineo","date":"enero 22, 2025","format":false,"excerpt":"El \"Jubileo de los Primeros S\u00e1bados de F\u00e1tima\" continuar\u00e1 el s\u00e1bado1 de febrero en el santuario de Maghdouch\u00e9, en L\u00edbano, tambi\u00e9n conocido como Nuestra Se\u00f1ora de la Espera. Aqu\u00ed es donde la Sant\u00edsima Virgen sol\u00eda esperar a Jes\u00fas cuando predicaba en la regi\u00f3n. La misa ser\u00e1 celebrada por monse\u00f1or Haddad,\u2026","rel":"","context":"En \u00abSin categorizar\u00bb","block_context":{"text":"Sin categorizar","link":"https:\/\/jubile2025-fatima.org\/es\/category\/sin-categorizar\/"},"img":{"alt_text":"","src":"https:\/\/i0.wp.com\/jubile2025-fatima.org\/wp-content\/uploads\/2025\/01\/cap.jpg?fit=1091%2C1200&ssl=1&resize=350%2C200","width":350,"height":200,"srcset":"https:\/\/i0.wp.com\/jubile2025-fatima.org\/wp-content\/uploads\/2025\/01\/cap.jpg?fit=1091%2C1200&ssl=1&resize=350%2C200 1x, https:\/\/i0.wp.com\/jubile2025-fatima.org\/wp-content\/uploads\/2025\/01\/cap.jpg?fit=1091%2C1200&ssl=1&resize=525%2C300 1.5x, https:\/\/i0.wp.com\/jubile2025-fatima.org\/wp-content\/uploads\/2025\/01\/cap.jpg?fit=1091%2C1200&ssl=1&resize=700%2C400 2x, https:\/\/i0.wp.com\/jubile2025-fatima.org\/wp-content\/uploads\/2025\/01\/cap.jpg?fit=1091%2C1200&ssl=1&resize=1050%2C600 3x"},"classes":[]},{"id":11024,"url":"https:\/\/jubile2025-fatima.org\/es\/sabado-4-de-octubre-10-45-h-notre-dame-de-paris\/","url_meta":{"origin":5498,"position":4},"title":"S\u00e1bado 4 de octubre 10.45 h Notre-Dame de Par\u00eds","author":"Agence Graphineo","date":"septiembre 29, 2025","format":false,"excerpt":"Por primera vez desde su reconstrucci\u00f3n, el primer s\u00e1bado del mes, pedido por Nuestra Se\u00f1ora de F\u00e1tima, se celebrar\u00e1 en la catedral de Notre-Dame de Par\u00eds. Este acontecimiento se organiza en el marco del Jubileo 2025 de los Primeros S\u00e1bados de F\u00e1tima, que tiene lugar a lo largo de todo\u2026","rel":"","context":"En \u00abSin categorizar\u00bb","block_context":{"text":"Sin categorizar","link":"https:\/\/jubile2025-fatima.org\/es\/category\/sin-categorizar\/"},"img":{"alt_text":"","src":"https:\/\/i0.wp.com\/jubile2025-fatima.org\/wp-content\/uploads\/2025\/09\/636024960171743817-ThinkstockPhotos-467538408-665193068.jpg?fit=1200%2C678&ssl=1&resize=350%2C200","width":350,"height":200,"srcset":"https:\/\/i0.wp.com\/jubile2025-fatima.org\/wp-content\/uploads\/2025\/09\/636024960171743817-ThinkstockPhotos-467538408-665193068.jpg?fit=1200%2C678&ssl=1&resize=350%2C200 1x, https:\/\/i0.wp.com\/jubile2025-fatima.org\/wp-content\/uploads\/2025\/09\/636024960171743817-ThinkstockPhotos-467538408-665193068.jpg?fit=1200%2C678&ssl=1&resize=525%2C300 1.5x, https:\/\/i0.wp.com\/jubile2025-fatima.org\/wp-content\/uploads\/2025\/09\/636024960171743817-ThinkstockPhotos-467538408-665193068.jpg?fit=1200%2C678&ssl=1&resize=700%2C400 2x, https:\/\/i0.wp.com\/jubile2025-fatima.org\/wp-content\/uploads\/2025\/09\/636024960171743817-ThinkstockPhotos-467538408-665193068.jpg?fit=1200%2C678&ssl=1&resize=1050%2C600 3x"},"classes":[]},{"id":13189,"url":"https:\/\/jubile2025-fatima.org\/es\/roma-pontevedra-burundi-10-de-diciembre-de-2025-centenario-de-la-peticion-de-nuestra-senora\/","url_meta":{"origin":5498,"position":5},"title":"Roma, Pontevedra, Burundi, 10 de diciembre de 2025, centenario de la petici\u00f3n de Nuestra Se\u00f1ora","author":"Agence Graphineo","date":"enero 15, 2026","format":false,"excerpt":"08h30. La plaza de San Pedro bulle ya de emoci\u00f3n. Miles de fieles se apresuran a llegar a sus asientos para la audiencia con el Santo Padre. La Alianza de los Primeros S\u00e1bados de F\u00e1tima estaba presente, con sus miembros implicados durante todo el a\u00f1o: los organizadores de los Primeros\u2026","rel":"","context":"En \u00abSin categorizar\u00bb","block_context":{"text":"Sin categorizar","link":"https:\/\/jubile2025-fatima.org\/es\/category\/sin-categorizar\/"},"img":{"alt_text":"","src":"https:\/\/i0.wp.com\/jubile2025-fatima.org\/wp-content\/uploads\/2025\/12\/IMAGE-2025-12-12-063658.jpg?fit=1200%2C900&ssl=1&resize=350%2C200","width":350,"height":200,"srcset":"https:\/\/i0.wp.com\/jubile2025-fatima.org\/wp-content\/uploads\/2025\/12\/IMAGE-2025-12-12-063658.jpg?fit=1200%2C900&ssl=1&resize=350%2C200 1x, https:\/\/i0.wp.com\/jubile2025-fatima.org\/wp-content\/uploads\/2025\/12\/IMAGE-2025-12-12-063658.jpg?fit=1200%2C900&ssl=1&resize=525%2C300 1.5x, https:\/\/i0.wp.com\/jubile2025-fatima.org\/wp-content\/uploads\/2025\/12\/IMAGE-2025-12-12-063658.jpg?fit=1200%2C900&ssl=1&resize=700%2C400 2x, https:\/\/i0.wp.com\/jubile2025-fatima.org\/wp-content\/uploads\/2025\/12\/IMAGE-2025-12-12-063658.jpg?fit=1200%2C900&ssl=1&resize=1050%2C600 3x"},"classes":[]}],"mfb_rest_fields":["title","yoast_head","yoast_head_json","jetpack_featured_media_url","jetpack_sharing_enabled","jetpack-related-posts"],"_links":{"self":[{"href":"https:\/\/jubile2025-fatima.org\/es\/wp-json\/wp\/v2\/posts\/5498","targetHints":{"allow":["GET"]}}],"collection":[{"href":"https:\/\/jubile2025-fatima.org\/es\/wp-json\/wp\/v2\/posts"}],"about":[{"href":"https:\/\/jubile2025-fatima.org\/es\/wp-json\/wp\/v2\/types\/post"}],"author":[{"embeddable":true,"href":"https:\/\/jubile2025-fatima.org\/es\/wp-json\/wp\/v2\/users\/2"}],"replies":[{"embeddable":true,"href":"https:\/\/jubile2025-fatima.org\/es\/wp-json\/wp\/v2\/comments?post=5498"}],"version-history":[{"count":1,"href":"https:\/\/jubile2025-fatima.org\/es\/wp-json\/wp\/v2\/posts\/5498\/revisions"}],"predecessor-version":[{"id":5499,"href":"https:\/\/jubile2025-fatima.org\/es\/wp-json\/wp\/v2\/posts\/5498\/revisions\/5499"}],"wp:featuredmedia":[{"embeddable":true,"href":"https:\/\/jubile2025-fatima.org\/es\/wp-json\/wp\/v2\/media\/4343"}],"wp:attachment":[{"href":"https:\/\/jubile2025-fatima.org\/es\/wp-json\/wp\/v2\/media?parent=5498"}],"wp:term":[{"taxonomy":"category","embeddable":true,"href":"https:\/\/jubile2025-fatima.org\/es\/wp-json\/wp\/v2\/categories?post=5498"},{"taxonomy":"post_tag","embeddable":true,"href":"https:\/\/jubile2025-fatima.org\/es\/wp-json\/wp\/v2\/tags?post=5498"}],"curies":[{"name":"wp","href":"https:\/\/api.w.org\/{rel}","templated":true}]}}