{"id":5501,"date":"2025-02-18T18:39:49","date_gmt":"2025-02-18T18:39:49","guid":{"rendered":"https:\/\/jubile2025-fatima.org\/libano-paz-mantenida-para-el-1er-sabado\/"},"modified":"2025-03-21T10:43:09","modified_gmt":"2025-03-21T10:43:09","slug":"libano-paz-mantenida-para-el-1er-sabado","status":"publish","type":"post","link":"https:\/\/jubile2025-fatima.org\/es\/libano-paz-mantenida-para-el-1er-sabado\/","title":{"rendered":"L\u00edbano, paz mantenida para el 1er s\u00e1bado."},"content":{"rendered":"\n<div class=\"wp-block-group has-global-padding is-layout-constrained wp-block-group-is-layout-constrained\">\n<div class=\"wp-block-columns are-vertically-aligned-top has-accent-8-background-color has-background is-layout-flex wp-container-core-columns-is-layout-42c5f9e8 wp-block-columns-is-layout-flex\" style=\"padding-top:25px;padding-right:25px;padding-bottom:25px;padding-left:25px\">\n<div class=\"wp-block-column is-vertically-aligned-top is-layout-flow wp-block-column-is-layout-flow\">\n<p>La celebraci\u00f3n del <strong><sup>1er<\/sup> s\u00e1bado de<\/strong> febrero, prevista en el santuario de Maghdouch\u00e9 (L\u00edbano), se prepar\u00f3 activamente durante el mes de enero. Como el santuario se encuentra a m\u00e1s de una hora en coche de Beirut, hubo que fletar decenas de autocares para trasladar a los fieles al santuario. Gracias a una gran movilizaci\u00f3n, muchos autobuses fueron financiados por donantes libaneses y franceses para que pudieran venir los m\u00e1s pobres. En este pa\u00eds arruinado por la guerra, muchos libaneses viven con menos de cincuenta d\u00f3lares al mes&#8230;   <\/p>\n<\/div>\n\n\n\n<div class=\"wp-block-column is-vertically-aligned-top is-layout-flow wp-block-column-is-layout-flow\"><figure style=\"aspect-ratio:auto;\" class=\"wp-block-post-featured-image\"><img data-recalc-dims=\"1\" decoding=\"async\" width=\"1920\" height=\"1368\" src=\"https:\/\/i0.wp.com\/jubile2025-fatima.org\/wp-content\/uploads\/2025\/02\/083.JPG.jpg?resize=1920%2C1368&#038;ssl=1\" class=\"attachment-post-thumbnail size-post-thumbnail wp-post-image\" alt=\"\" style=\"border-radius:0px;width:100%;height:100%;object-fit:cover;\" srcset=\"https:\/\/i0.wp.com\/jubile2025-fatima.org\/wp-content\/uploads\/2025\/02\/083.JPG.jpg?w=1920&amp;ssl=1 1920w, https:\/\/i0.wp.com\/jubile2025-fatima.org\/wp-content\/uploads\/2025\/02\/083.JPG.jpg?resize=300%2C214&amp;ssl=1 300w, https:\/\/i0.wp.com\/jubile2025-fatima.org\/wp-content\/uploads\/2025\/02\/083.JPG.jpg?resize=1024%2C730&amp;ssl=1 1024w, https:\/\/i0.wp.com\/jubile2025-fatima.org\/wp-content\/uploads\/2025\/02\/083.JPG.jpg?resize=768%2C547&amp;ssl=1 768w, https:\/\/i0.wp.com\/jubile2025-fatima.org\/wp-content\/uploads\/2025\/02\/083.JPG.jpg?resize=1536%2C1094&amp;ssl=1 1536w\" sizes=\"(max-width: 1000px) 100vw, 1000px\" \/><\/figure><\/div>\n<\/div>\n\n\n\n<div class=\"wp-block-group has-contrast-background-color has-background is-vertical is-layout-flex wp-container-core-group-is-layout-03698b79 wp-block-group-is-layout-flex\" style=\"padding-top:25px;padding-right:25px;padding-bottom:25px;padding-left:25px\">\n<div class=\"wp-block-columns are-vertically-aligned-top is-layout-flex wp-container-core-columns-is-layout-d0b3c9c8 wp-block-columns-is-layout-flex\">\n<div class=\"wp-block-column is-vertically-aligned-top is-layout-flow wp-block-column-is-layout-flow\">\n<div class=\"wp-block-group has-global-padding is-layout-constrained wp-block-group-is-layout-constrained\">\n<p>  Este<sup>1er<\/sup> s\u00e1bado de febrero en L\u00edbano es el segundo evento del <strong>Jubileo 2025 de los 1<\/strong><strong><sup>ers<\/sup><\/strong><strong> S\u00e1bados del Mes por la Paz <\/strong>, que comenz\u00f3 el s\u00e1bado 4 de enero de 2025 en el Santuario de la Medalla Milagrosa de Par\u00eds y continuar\u00e1 en todo el mundo.<\/p>\n\n\n\n<p>Pero hab\u00eda una amenaza. El santuario de Maghdouch\u00e9 est\u00e1 situado en el sur del L\u00edbano, cerca de la <strong>zona de combate<\/strong>. Con el alto el fuego previsto hasta el 27 de enero de 2025, exist\u00eda la preocupaci\u00f3n generalizada de que pudieran reanudarse los combates, lo que habr\u00eda impedido la celebraci\u00f3n del<sup>1er<\/sup> s\u00e1bado de febrero.  <\/p>\n<\/div>\n<\/div>\n\n\n\n<div class=\"wp-block-column is-vertically-aligned-top is-layout-flow wp-block-column-is-layout-flow\">\n<figure class=\"wp-block-image size-full has-custom-border\"><img data-recalc-dims=\"1\" decoding=\"async\" width=\"979\" height=\"1043\" src=\"https:\/\/i0.wp.com\/jubile2025-fatima.org\/wp-content\/uploads\/2025\/02\/destruction-8172776_1280-2.jpg?resize=979%2C1043&#038;ssl=1\" alt=\"\" class=\"wp-image-3836\" style=\"border-radius:0px;aspect-ratio:16\/9;object-fit:cover\" srcset=\"https:\/\/i0.wp.com\/jubile2025-fatima.org\/wp-content\/uploads\/2025\/02\/destruction-8172776_1280-2.jpg?w=979&amp;ssl=1 979w, https:\/\/i0.wp.com\/jubile2025-fatima.org\/wp-content\/uploads\/2025\/02\/destruction-8172776_1280-2.jpg?resize=282%2C300&amp;ssl=1 282w, https:\/\/i0.wp.com\/jubile2025-fatima.org\/wp-content\/uploads\/2025\/02\/destruction-8172776_1280-2.jpg?resize=961%2C1024&amp;ssl=1 961w, https:\/\/i0.wp.com\/jubile2025-fatima.org\/wp-content\/uploads\/2025\/02\/destruction-8172776_1280-2.jpg?resize=768%2C818&amp;ssl=1 768w\" sizes=\"(max-width: 979px) 100vw, 979px\" \/><\/figure>\n<\/div>\n<\/div>\n\n\n\n<div class=\"wp-block-columns are-vertically-aligned-top is-layout-flex wp-container-core-columns-is-layout-d0b3c9c8 wp-block-columns-is-layout-flex\">\n<div class=\"wp-block-column is-vertically-aligned-top is-layout-flow wp-block-column-is-layout-flow\">\n<div class=\"wp-block-group has-global-padding is-layout-constrained wp-block-group-is-layout-constrained\">\n<p>Para sorpresa de todos, unos d\u00edas antes del 27 de enero se alcanz\u00f3 un acuerdo entre L\u00edbano e Israel. Se prorrog\u00f3 el alto el fuego <strong>y se mantuvo la paz.<\/strong> Muchos libaneses atribuyeron esta inesperada pr\u00f3rroga de la paz al compromiso de L\u00edbano de cumplir la petici\u00f3n de los <sup>primeros<\/sup> s\u00e1bados del mes de F\u00e1tima.   <\/p>\n\n\n\n<p>  El s\u00e1bado<sup>1<\/sup> de febrero a las 14.00 horas, autobuses y coches partieron de Beirut y otros lugares del L\u00edbano hacia el santuario de Maghdouch\u00e9 para cumplir las peticiones de Nuestra Se\u00f1ora, que recordamos:  <\/p>\n\n\n\n<p>1\/ comulgar, 2\/ confesarse, 3\/ rezar el Rosario, 4\/ meditar durante 15 minutos un misterio del Rosario y 5\/ realizar estos actos en reparaci\u00f3n por las ofensas cometidas contra el Inmaculado Coraz\u00f3n de Mar\u00eda.<\/p>\n<\/div>\n<\/div>\n\n\n\n<div class=\"wp-block-column is-vertically-aligned-top is-layout-flow wp-block-column-is-layout-flow\">\n<figure class=\"wp-block-image size-full has-custom-border\"><img data-recalc-dims=\"1\" decoding=\"async\" width=\"1920\" height=\"1280\" src=\"https:\/\/i0.wp.com\/jubile2025-fatima.org\/wp-content\/uploads\/2025\/02\/086.JPG.jpg?resize=1920%2C1280&#038;ssl=1\" alt=\"\" class=\"wp-image-3858\" style=\"border-radius:0px;aspect-ratio:16\/9;object-fit:cover\" srcset=\"https:\/\/i0.wp.com\/jubile2025-fatima.org\/wp-content\/uploads\/2025\/02\/086.JPG.jpg?w=1920&amp;ssl=1 1920w, https:\/\/i0.wp.com\/jubile2025-fatima.org\/wp-content\/uploads\/2025\/02\/086.JPG.jpg?resize=300%2C200&amp;ssl=1 300w, https:\/\/i0.wp.com\/jubile2025-fatima.org\/wp-content\/uploads\/2025\/02\/086.JPG.jpg?resize=1024%2C683&amp;ssl=1 1024w, https:\/\/i0.wp.com\/jubile2025-fatima.org\/wp-content\/uploads\/2025\/02\/086.JPG.jpg?resize=768%2C512&amp;ssl=1 768w, https:\/\/i0.wp.com\/jubile2025-fatima.org\/wp-content\/uploads\/2025\/02\/086.JPG.jpg?resize=1536%2C1024&amp;ssl=1 1536w\" sizes=\"(max-width: 1000px) 100vw, 1000px\" \/><\/figure>\n<\/div>\n<\/div>\n\n\n\n<div class=\"wp-block-columns are-vertically-aligned-top is-layout-flex wp-container-core-columns-is-layout-d0b3c9c8 wp-block-columns-is-layout-flex\">\n<div class=\"wp-block-column is-vertically-aligned-top is-layout-flow wp-block-column-is-layout-flow\">\n<div class=\"wp-block-group has-global-padding is-layout-constrained wp-block-group-is-layout-constrained\">\n<p>A las 16.30 horas, la bas\u00edlica estaba abarrotada por una multitud de m\u00e1s de mil quinientas personas que hab\u00edan acudido no s\u00f3lo a rezar, sino a realizar <strong>un acto de obediencia<\/strong> solicitado por la Reina del Cielo para obtener la paz: realizarlo el<sup>primer<\/sup> s\u00e1bado del mes.<\/p>\n\n\n\n<p>La misa fue celebrada solemnemente por monse\u00f1or Haddad, arzobispo de Saida y Deir El Kamar de los greco-melquitas cat\u00f3licos. En su homil\u00eda, anunci\u00f3 la instauraci\u00f3n definitiva de los <sup>primeros <\/sup>s\u00e1bados del mes de F\u00e1tima en el santuario de Maghdouch\u00e9. Al final de la misa, se inici\u00f3 el rezo del rosario, como hab\u00eda pedido la Virgen.    <\/p>\n<\/div>\n<\/div>\n\n\n\n<div class=\"wp-block-column is-vertically-aligned-top is-layout-flow wp-block-column-is-layout-flow\">\n<figure class=\"wp-block-image size-full has-custom-border\"><img data-recalc-dims=\"1\" decoding=\"async\" width=\"1920\" height=\"1153\" src=\"https:\/\/i0.wp.com\/jubile2025-fatima.org\/wp-content\/uploads\/2025\/02\/038.JPG.jpg?resize=1920%2C1153&#038;ssl=1\" alt=\"\" class=\"wp-image-3833\" style=\"border-radius:0px;aspect-ratio:16\/9;object-fit:cover\" srcset=\"https:\/\/i0.wp.com\/jubile2025-fatima.org\/wp-content\/uploads\/2025\/02\/038.JPG.jpg?w=1920&amp;ssl=1 1920w, https:\/\/i0.wp.com\/jubile2025-fatima.org\/wp-content\/uploads\/2025\/02\/038.JPG.jpg?resize=300%2C180&amp;ssl=1 300w, https:\/\/i0.wp.com\/jubile2025-fatima.org\/wp-content\/uploads\/2025\/02\/038.JPG.jpg?resize=1024%2C615&amp;ssl=1 1024w, https:\/\/i0.wp.com\/jubile2025-fatima.org\/wp-content\/uploads\/2025\/02\/038.JPG.jpg?resize=768%2C461&amp;ssl=1 768w, https:\/\/i0.wp.com\/jubile2025-fatima.org\/wp-content\/uploads\/2025\/02\/038.JPG.jpg?resize=1536%2C922&amp;ssl=1 1536w\" sizes=\"(max-width: 1000px) 100vw, 1000px\" \/><\/figure>\n<\/div>\n<\/div>\n\n\n\n<div class=\"wp-block-columns is-layout-flex wp-container-core-columns-is-layout-d0b3c9c8 wp-block-columns-is-layout-flex\">\n<div class=\"wp-block-column is-vertically-aligned-center is-layout-flow wp-block-column-is-layout-flow\">\n<div class=\"wp-block-group has-global-padding is-layout-constrained wp-block-group-is-layout-constrained\">\n<p>Los fieles tambi\u00e9n informaron de un hecho esperanzador: los musulmanes tambi\u00e9n hab\u00edan viajado a Maghdouche para unirse a los cristianos en la oraci\u00f3n por la paz. La Virgen de F\u00e1tima sorprende a los musulmanes. La Virgen es muy importante para ellos y se plantean una pregunta: \u00bfpor qu\u00e9 se apareci\u00f3 hace un siglo en el \u00fanico pueblo de Portugal con nombre de pila musulm\u00e1n? Ven en la Virgen de F\u00e1tima un mensaje de paz que tambi\u00e9n se dirige a ellos y les invita a acercarse a los cristianos para obtener esta paz.   <\/p>\n\n\n\n<p>\u00a0<\/p>\n<\/div>\n<\/div>\n\n\n\n<div class=\"wp-block-column is-vertically-aligned-top is-layout-flow wp-block-column-is-layout-flow\">\n<figure class=\"wp-block-image size-full has-custom-border\"><img data-recalc-dims=\"1\" decoding=\"async\" width=\"521\" height=\"343\" src=\"https:\/\/i0.wp.com\/jubile2025-fatima.org\/wp-content\/uploads\/2025\/02\/image-St-Elias.jpg?resize=521%2C343&#038;ssl=1\" alt=\"\" class=\"wp-image-3838\" style=\"border-radius:0px;aspect-ratio:16\/9;object-fit:cover\" srcset=\"https:\/\/i0.wp.com\/jubile2025-fatima.org\/wp-content\/uploads\/2025\/02\/image-St-Elias.jpg?w=521&amp;ssl=1 521w, https:\/\/i0.wp.com\/jubile2025-fatima.org\/wp-content\/uploads\/2025\/02\/image-St-Elias.jpg?resize=300%2C198&amp;ssl=1 300w\" sizes=\"(max-width: 521px) 100vw, 521px\" \/><\/figure>\n<\/div>\n<\/div>\n\n\n\n<div class=\"wp-block-columns is-layout-flex wp-container-core-columns-is-layout-d0b3c9c8 wp-block-columns-is-layout-flex\">\n<div class=\"wp-block-column is-vertically-aligned-center is-layout-flow wp-block-column-is-layout-flow\">\n<div class=\"wp-block-group has-global-padding is-layout-constrained wp-block-group-is-layout-constrained\">\n<p>  Al mismo tiempo, cerca de Beirut, en San El\u00edas, la comunidad \u00abCoraz\u00f3n de Mar\u00eda\u00bb se reuni\u00f3 en uni\u00f3n con Maghdouch\u00e9 para celebrar el<sup>primer<\/sup> s\u00e1bado del mes. La misa fue celebrada por <strong>el obispo Elias Sleiman<\/strong> en rito maronita, demostrando el deseo de maronitas y greco-cat\u00f3licos de unirse tras la petici\u00f3n de Nuestra Se\u00f1ora de F\u00e1tima. Pues \u00e9ste es el esp\u00edritu de la Alianza Mundial de los <sup>Primeros<\/sup> S\u00e1bados de F\u00e1tima por la Paz: unirnos en toda la Iglesia, sean cuales sean nuestras sensibilidades, para realizar juntos humildemente lo que Mar\u00eda nos ha pedido para obtener la paz.    <\/p>\n<\/div>\n<\/div>\n\n\n\n<div class=\"wp-block-column is-vertically-aligned-top is-layout-flow wp-block-column-is-layout-flow\">\n<figure class=\"wp-block-image size-full has-custom-border\"><img data-recalc-dims=\"1\" decoding=\"async\" width=\"1920\" height=\"1280\" src=\"https:\/\/i0.wp.com\/jubile2025-fatima.org\/wp-content\/uploads\/2025\/02\/055.JPG.jpg?resize=1920%2C1280&#038;ssl=1\" alt=\"\" class=\"wp-image-3834\" style=\"border-radius:0px;aspect-ratio:16\/9;object-fit:cover\" srcset=\"https:\/\/i0.wp.com\/jubile2025-fatima.org\/wp-content\/uploads\/2025\/02\/055.JPG.jpg?w=1920&amp;ssl=1 1920w, https:\/\/i0.wp.com\/jubile2025-fatima.org\/wp-content\/uploads\/2025\/02\/055.JPG.jpg?resize=300%2C200&amp;ssl=1 300w, https:\/\/i0.wp.com\/jubile2025-fatima.org\/wp-content\/uploads\/2025\/02\/055.JPG.jpg?resize=1024%2C683&amp;ssl=1 1024w, https:\/\/i0.wp.com\/jubile2025-fatima.org\/wp-content\/uploads\/2025\/02\/055.JPG.jpg?resize=768%2C512&amp;ssl=1 768w, https:\/\/i0.wp.com\/jubile2025-fatima.org\/wp-content\/uploads\/2025\/02\/055.JPG.jpg?resize=1536%2C1024&amp;ssl=1 1536w\" sizes=\"(max-width: 1000px) 100vw, 1000px\" \/><\/figure>\n<\/div>\n<\/div>\n\n\n\n<div class=\"wp-block-columns is-layout-flex wp-container-core-columns-is-layout-d0b3c9c8 wp-block-columns-is-layout-flex\">\n<div class=\"wp-block-column is-vertically-aligned-center is-layout-flow wp-block-column-is-layout-flow\">\n<div class=\"wp-block-group has-global-padding is-layout-constrained wp-block-group-is-layout-constrained\">\n<p>  En San El\u00edas, como en Maghdouch\u00e9 y en todos los grupos <sup>del 1er<\/sup> s\u00e1bado del mundo, la meditaci\u00f3n se bas\u00f3 en el mismo misterio gozoso para estar unidos como Iglesia en todo el mundo. Cabe se\u00f1alar que esta comunidad se re\u00fane en San El\u00edas los <sup>primeros<\/sup> s\u00e1bados de mes desde 2020. Son los primeros en el L\u00edbano en comprometerse regularmente con esta devoci\u00f3n, y es seguro que sus oraciones han contribuido a la difusi\u00f3n de esta devoci\u00f3n por todo el L\u00edbano y ayudar\u00e1n a traer la paz a este atribulado pa\u00eds.  <\/p>\n<\/div>\n<\/div>\n\n\n\n<div class=\"wp-block-column is-vertically-aligned-stretch is-layout-flow wp-block-column-is-layout-flow\">\n<figure class=\"wp-block-image size-full has-custom-border\"><img data-recalc-dims=\"1\" decoding=\"async\" width=\"1920\" height=\"1280\" src=\"https:\/\/i0.wp.com\/jubile2025-fatima.org\/wp-content\/uploads\/2025\/02\/092.JPG-2.jpg?resize=1920%2C1280&#038;ssl=1\" alt=\"\" class=\"wp-image-3835\" style=\"border-radius:0px;aspect-ratio:16\/9;object-fit:cover\" srcset=\"https:\/\/i0.wp.com\/jubile2025-fatima.org\/wp-content\/uploads\/2025\/02\/092.JPG-2.jpg?w=1920&amp;ssl=1 1920w, https:\/\/i0.wp.com\/jubile2025-fatima.org\/wp-content\/uploads\/2025\/02\/092.JPG-2.jpg?resize=300%2C200&amp;ssl=1 300w, https:\/\/i0.wp.com\/jubile2025-fatima.org\/wp-content\/uploads\/2025\/02\/092.JPG-2.jpg?resize=1024%2C683&amp;ssl=1 1024w, https:\/\/i0.wp.com\/jubile2025-fatima.org\/wp-content\/uploads\/2025\/02\/092.JPG-2.jpg?resize=768%2C512&amp;ssl=1 768w, https:\/\/i0.wp.com\/jubile2025-fatima.org\/wp-content\/uploads\/2025\/02\/092.JPG-2.jpg?resize=1536%2C1024&amp;ssl=1 1536w\" sizes=\"(max-width: 1000px) 100vw, 1000px\" \/><\/figure>\n<\/div>\n<\/div>\n<\/div>\n\n\n\n<div class=\"wp-block-group has-accent-8-background-color has-background is-vertical is-layout-flex wp-container-core-group-is-layout-98853168 wp-block-group-is-layout-flex\" style=\"padding-top:25px;padding-right:25px;padding-bottom:25px;padding-left:25px\">\n<p>Por \u00faltimo, lo que ocurri\u00f3 el s\u00e1bado<sup>1 de <\/sup>febrero de 2025 en Maghdouch\u00e9, L\u00edbano, fue mucho m\u00e1s all\u00e1 del contexto liban\u00e9s. De hecho, en muchos lugares del mundo, los fieles tambi\u00e9n celebraron el<sup>1er<\/sup> s\u00e1bado del mes por la paz cerca de casa <strong>, en uni\u00f3n con los libaneses<\/strong> presentes en Maghdouch\u00e9.   <\/p>\n\n\n\n<p>Pero eso no es todo. La Sant\u00edsima Virgen pidi\u00f3 que los <sup>primeros<\/sup> s\u00e1bados de mes se celebraran y oficializaran <strong>en toda la Iglesia<\/strong> para que se pudiera alcanzar la paz. El L\u00edbano ha mostrado el camino. Por primera vez, un prelado de la Iglesia ha establecido definitivamente esta devoci\u00f3n en uno de los mayores santuarios del pa\u00eds.     <\/p>\n\n\n\n<p>Roguemos a Nuestra Se\u00f1ora que este acto oficial traiga muchas gracias de paz al L\u00edbano y que el L\u00edbano sea un ejemplo para todos los dem\u00e1s pa\u00edses del mundo, para que ellos tambi\u00e9n sigan este camino con ocasi\u00f3n del <strong>Jubileo 2025 de la 1<\/strong><strong><sup>ers<\/sup><\/strong><strong> S\u00e1bados de F\u00e1tima por la Paz<\/strong>.<\/p>\n\n\n\n<p><em>15 de febrero de 2025, Alianza 1<\/em><em><sup>ers<\/sup><\/em><em> S\u00e1bados de F\u00e1tima por la Paz<\/em><\/p>\n<\/div>\n<\/div>\n","protected":false},"excerpt":{"rendered":"<p>L\u00edbano, la paz se mantiene el primer s\u00e1bado de cada mes en el santuario de Maghdouch\u00e9.  <\/p>\n","protected":false},"author":2,"featured_media":4481,"comment_status":"open","ping_status":"open","sticky":false,"template":"","format":"standard","meta":{"inline_featured_image":false,"_jetpack_memberships_contains_paid_content":false,"footnotes":""},"categories":[10],"tags":[],"class_list":["post-5501","post","type-post","status-publish","format-standard","has-post-thumbnail","hentry","category-sin-categorizar"],"mb":[],"yoast_head":"<!-- This site is optimized with the Yoast SEO plugin v26.4 - https:\/\/yoast.com\/wordpress\/plugins\/seo\/ -->\n<title>L\u00edbano, paz mantenida para el 1er s\u00e1bado. - jubile2025-fatima.org<\/title>\n<meta name=\"robots\" content=\"index, follow, max-snippet:-1, max-image-preview:large, max-video-preview:-1\" \/>\n<link rel=\"canonical\" href=\"https:\/\/jubile2025-fatima.org\/es\/libano-paz-mantenida-para-el-1er-sabado\/\" \/>\n<meta property=\"og:locale\" content=\"es_ES\" \/>\n<meta property=\"og:type\" content=\"article\" \/>\n<meta property=\"og:title\" content=\"L\u00edbano, paz mantenida para el 1er s\u00e1bado. - jubile2025-fatima.org\" \/>\n<meta property=\"og:description\" content=\"L\u00edbano, la paz se mantiene el primer s\u00e1bado de cada mes en el santuario de Maghdouch\u00e9.\" \/>\n<meta property=\"og:url\" content=\"https:\/\/jubile2025-fatima.org\/es\/libano-paz-mantenida-para-el-1er-sabado\/\" \/>\n<meta property=\"og:site_name\" content=\"jubile2025-fatima.org\" \/>\n<meta property=\"article:published_time\" content=\"2025-02-18T18:39:49+00:00\" \/>\n<meta property=\"article:modified_time\" content=\"2025-03-21T10:43:09+00:00\" \/>\n<meta property=\"og:image\" content=\"https:\/\/i0.wp.com\/jubile2025-fatima.org\/wp-content\/uploads\/2025\/02\/destruction-8172776_1280-2.jpg?fit=979%2C1043&ssl=1\" \/>\n\t<meta property=\"og:image:width\" content=\"979\" \/>\n\t<meta property=\"og:image:height\" content=\"1043\" \/>\n\t<meta property=\"og:image:type\" content=\"image\/jpeg\" \/>\n<meta name=\"author\" content=\"Agence Graphineo\" \/>\n<meta name=\"twitter:card\" content=\"summary_large_image\" \/>\n<meta name=\"twitter:label1\" content=\"Escrito por\" \/>\n\t<meta name=\"twitter:data1\" content=\"Agence Graphineo\" \/>\n\t<meta name=\"twitter:label2\" content=\"Tiempo de lectura\" \/>\n\t<meta name=\"twitter:data2\" content=\"5 minutos\" \/>\n<script type=\"application\/ld+json\" class=\"yoast-schema-graph\">{\"@context\":\"https:\/\/schema.org\",\"@graph\":[{\"@type\":\"Article\",\"@id\":\"https:\/\/jubile2025-fatima.org\/es\/libano-paz-mantenida-para-el-1er-sabado\/#article\",\"isPartOf\":{\"@id\":\"https:\/\/jubile2025-fatima.org\/es\/libano-paz-mantenida-para-el-1er-sabado\/\"},\"author\":{\"name\":\"Agence Graphineo\",\"@id\":\"https:\/\/jubile2025-fatima.org\/es\/#\/schema\/person\/3e263883fb3f5561599278ba839787f0\"},\"headline\":\"L\u00edbano, paz mantenida para el 1er s\u00e1bado.\",\"datePublished\":\"2025-02-18T18:39:49+00:00\",\"dateModified\":\"2025-03-21T10:43:09+00:00\",\"mainEntityOfPage\":{\"@id\":\"https:\/\/jubile2025-fatima.org\/es\/libano-paz-mantenida-para-el-1er-sabado\/\"},\"wordCount\":956,\"commentCount\":0,\"publisher\":{\"@id\":\"https:\/\/jubile2025-fatima.org\/es\/#organization\"},\"image\":{\"@id\":\"https:\/\/jubile2025-fatima.org\/es\/libano-paz-mantenida-para-el-1er-sabado\/#primaryimage\"},\"thumbnailUrl\":\"https:\/\/i0.wp.com\/jubile2025-fatima.org\/wp-content\/uploads\/2025\/02\/083.JPG.jpg?fit=1920%2C1368&ssl=1\",\"articleSection\":[\"Sin categorizar\"],\"inLanguage\":\"es\",\"potentialAction\":[{\"@type\":\"CommentAction\",\"name\":\"Comment\",\"target\":[\"https:\/\/jubile2025-fatima.org\/es\/libano-paz-mantenida-para-el-1er-sabado\/#respond\"]}]},{\"@type\":\"WebPage\",\"@id\":\"https:\/\/jubile2025-fatima.org\/es\/libano-paz-mantenida-para-el-1er-sabado\/\",\"url\":\"https:\/\/jubile2025-fatima.org\/es\/libano-paz-mantenida-para-el-1er-sabado\/\",\"name\":\"L\u00edbano, paz mantenida para el 1er s\u00e1bado. - jubile2025-fatima.org\",\"isPartOf\":{\"@id\":\"https:\/\/jubile2025-fatima.org\/es\/#website\"},\"primaryImageOfPage\":{\"@id\":\"https:\/\/jubile2025-fatima.org\/es\/libano-paz-mantenida-para-el-1er-sabado\/#primaryimage\"},\"image\":{\"@id\":\"https:\/\/jubile2025-fatima.org\/es\/libano-paz-mantenida-para-el-1er-sabado\/#primaryimage\"},\"thumbnailUrl\":\"https:\/\/i0.wp.com\/jubile2025-fatima.org\/wp-content\/uploads\/2025\/02\/083.JPG.jpg?fit=1920%2C1368&ssl=1\",\"datePublished\":\"2025-02-18T18:39:49+00:00\",\"dateModified\":\"2025-03-21T10:43:09+00:00\",\"breadcrumb\":{\"@id\":\"https:\/\/jubile2025-fatima.org\/es\/libano-paz-mantenida-para-el-1er-sabado\/#breadcrumb\"},\"inLanguage\":\"es\",\"potentialAction\":[{\"@type\":\"ReadAction\",\"target\":[\"https:\/\/jubile2025-fatima.org\/es\/libano-paz-mantenida-para-el-1er-sabado\/\"]}]},{\"@type\":\"ImageObject\",\"inLanguage\":\"es\",\"@id\":\"https:\/\/jubile2025-fatima.org\/es\/libano-paz-mantenida-para-el-1er-sabado\/#primaryimage\",\"url\":\"https:\/\/i0.wp.com\/jubile2025-fatima.org\/wp-content\/uploads\/2025\/02\/083.JPG.jpg?fit=1920%2C1368&ssl=1\",\"contentUrl\":\"https:\/\/i0.wp.com\/jubile2025-fatima.org\/wp-content\/uploads\/2025\/02\/083.JPG.jpg?fit=1920%2C1368&ssl=1\",\"width\":1920,\"height\":1368},{\"@type\":\"BreadcrumbList\",\"@id\":\"https:\/\/jubile2025-fatima.org\/es\/libano-paz-mantenida-para-el-1er-sabado\/#breadcrumb\",\"itemListElement\":[{\"@type\":\"ListItem\",\"position\":1,\"name\":\"Accueil\",\"item\":\"https:\/\/jubile2025-fatima.org\/es\/\"},{\"@type\":\"ListItem\",\"position\":2,\"name\":\"L\u00edbano, paz mantenida para el 1er s\u00e1bado.\"}]},{\"@type\":\"WebSite\",\"@id\":\"https:\/\/jubile2025-fatima.org\/es\/#website\",\"url\":\"https:\/\/jubile2025-fatima.org\/es\/\",\"name\":\"jubile2025-fatima.org\",\"description\":\"Jubile 2025 Fatima - Alliance les 1ers samedis de de Fatima pour la paix\",\"publisher\":{\"@id\":\"https:\/\/jubile2025-fatima.org\/es\/#organization\"},\"potentialAction\":[{\"@type\":\"SearchAction\",\"target\":{\"@type\":\"EntryPoint\",\"urlTemplate\":\"https:\/\/jubile2025-fatima.org\/es\/?s={search_term_string}\"},\"query-input\":{\"@type\":\"PropertyValueSpecification\",\"valueRequired\":true,\"valueName\":\"search_term_string\"}}],\"inLanguage\":\"es\"},{\"@type\":\"Organization\",\"@id\":\"https:\/\/jubile2025-fatima.org\/es\/#organization\",\"name\":\"jubile2025-fatima.org\",\"url\":\"https:\/\/jubile2025-fatima.org\/es\/\",\"logo\":{\"@type\":\"ImageObject\",\"inLanguage\":\"es\",\"@id\":\"https:\/\/jubile2025-fatima.org\/es\/#\/schema\/logo\/image\/\",\"url\":\"https:\/\/jubile2025-fatima.org\/wp-content\/uploads\/2024\/12\/2logo-officiel-copie-2.png\",\"contentUrl\":\"https:\/\/jubile2025-fatima.org\/wp-content\/uploads\/2024\/12\/2logo-officiel-copie-2.png\",\"width\":1921,\"height\":1081,\"caption\":\"jubile2025-fatima.org\"},\"image\":{\"@id\":\"https:\/\/jubile2025-fatima.org\/es\/#\/schema\/logo\/image\/\"}},{\"@type\":\"Person\",\"@id\":\"https:\/\/jubile2025-fatima.org\/es\/#\/schema\/person\/3e263883fb3f5561599278ba839787f0\",\"name\":\"Agence Graphineo\",\"image\":{\"@type\":\"ImageObject\",\"inLanguage\":\"es\",\"@id\":\"https:\/\/jubile2025-fatima.org\/es\/#\/schema\/person\/image\/\",\"url\":\"https:\/\/secure.gravatar.com\/avatar\/b09ee5edb89ddbcb2e990bb1c3edd842e21624f2e891d3a0281ada0b693ac30b?s=96&d=mm&r=g\",\"contentUrl\":\"https:\/\/secure.gravatar.com\/avatar\/b09ee5edb89ddbcb2e990bb1c3edd842e21624f2e891d3a0281ada0b693ac30b?s=96&d=mm&r=g\",\"caption\":\"Agence Graphineo\"},\"sameAs\":[\"https:\/\/graphineo.com\/\"],\"url\":\"https:\/\/jubile2025-fatima.org\/es\/author\/graphineo\/\"}]}<\/script>\n<!-- \/ Yoast SEO plugin. -->","yoast_head_json":{"title":"L\u00edbano, paz mantenida para el 1er s\u00e1bado. - jubile2025-fatima.org","robots":{"index":"index","follow":"follow","max-snippet":"max-snippet:-1","max-image-preview":"max-image-preview:large","max-video-preview":"max-video-preview:-1"},"canonical":"https:\/\/jubile2025-fatima.org\/es\/libano-paz-mantenida-para-el-1er-sabado\/","og_locale":"es_ES","og_type":"article","og_title":"L\u00edbano, paz mantenida para el 1er s\u00e1bado. - jubile2025-fatima.org","og_description":"L\u00edbano, la paz se mantiene el primer s\u00e1bado de cada mes en el santuario de Maghdouch\u00e9.","og_url":"https:\/\/jubile2025-fatima.org\/es\/libano-paz-mantenida-para-el-1er-sabado\/","og_site_name":"jubile2025-fatima.org","article_published_time":"2025-02-18T18:39:49+00:00","article_modified_time":"2025-03-21T10:43:09+00:00","og_image":[{"width":979,"height":1043,"url":"https:\/\/i0.wp.com\/jubile2025-fatima.org\/wp-content\/uploads\/2025\/02\/destruction-8172776_1280-2.jpg?fit=979%2C1043&ssl=1","type":"image\/jpeg"}],"author":"Agence Graphineo","twitter_card":"summary_large_image","twitter_misc":{"Escrito por":"Agence Graphineo","Tiempo de lectura":"5 minutos"},"schema":{"@context":"https:\/\/schema.org","@graph":[{"@type":"Article","@id":"https:\/\/jubile2025-fatima.org\/es\/libano-paz-mantenida-para-el-1er-sabado\/#article","isPartOf":{"@id":"https:\/\/jubile2025-fatima.org\/es\/libano-paz-mantenida-para-el-1er-sabado\/"},"author":{"name":"Agence Graphineo","@id":"https:\/\/jubile2025-fatima.org\/es\/#\/schema\/person\/3e263883fb3f5561599278ba839787f0"},"headline":"L\u00edbano, paz mantenida para el 1er s\u00e1bado.","datePublished":"2025-02-18T18:39:49+00:00","dateModified":"2025-03-21T10:43:09+00:00","mainEntityOfPage":{"@id":"https:\/\/jubile2025-fatima.org\/es\/libano-paz-mantenida-para-el-1er-sabado\/"},"wordCount":956,"commentCount":0,"publisher":{"@id":"https:\/\/jubile2025-fatima.org\/es\/#organization"},"image":{"@id":"https:\/\/jubile2025-fatima.org\/es\/libano-paz-mantenida-para-el-1er-sabado\/#primaryimage"},"thumbnailUrl":"https:\/\/i0.wp.com\/jubile2025-fatima.org\/wp-content\/uploads\/2025\/02\/083.JPG.jpg?fit=1920%2C1368&ssl=1","articleSection":["Sin categorizar"],"inLanguage":"es","potentialAction":[{"@type":"CommentAction","name":"Comment","target":["https:\/\/jubile2025-fatima.org\/es\/libano-paz-mantenida-para-el-1er-sabado\/#respond"]}]},{"@type":"WebPage","@id":"https:\/\/jubile2025-fatima.org\/es\/libano-paz-mantenida-para-el-1er-sabado\/","url":"https:\/\/jubile2025-fatima.org\/es\/libano-paz-mantenida-para-el-1er-sabado\/","name":"L\u00edbano, paz mantenida para el 1er s\u00e1bado. - jubile2025-fatima.org","isPartOf":{"@id":"https:\/\/jubile2025-fatima.org\/es\/#website"},"primaryImageOfPage":{"@id":"https:\/\/jubile2025-fatima.org\/es\/libano-paz-mantenida-para-el-1er-sabado\/#primaryimage"},"image":{"@id":"https:\/\/jubile2025-fatima.org\/es\/libano-paz-mantenida-para-el-1er-sabado\/#primaryimage"},"thumbnailUrl":"https:\/\/i0.wp.com\/jubile2025-fatima.org\/wp-content\/uploads\/2025\/02\/083.JPG.jpg?fit=1920%2C1368&ssl=1","datePublished":"2025-02-18T18:39:49+00:00","dateModified":"2025-03-21T10:43:09+00:00","breadcrumb":{"@id":"https:\/\/jubile2025-fatima.org\/es\/libano-paz-mantenida-para-el-1er-sabado\/#breadcrumb"},"inLanguage":"es","potentialAction":[{"@type":"ReadAction","target":["https:\/\/jubile2025-fatima.org\/es\/libano-paz-mantenida-para-el-1er-sabado\/"]}]},{"@type":"ImageObject","inLanguage":"es","@id":"https:\/\/jubile2025-fatima.org\/es\/libano-paz-mantenida-para-el-1er-sabado\/#primaryimage","url":"https:\/\/i0.wp.com\/jubile2025-fatima.org\/wp-content\/uploads\/2025\/02\/083.JPG.jpg?fit=1920%2C1368&ssl=1","contentUrl":"https:\/\/i0.wp.com\/jubile2025-fatima.org\/wp-content\/uploads\/2025\/02\/083.JPG.jpg?fit=1920%2C1368&ssl=1","width":1920,"height":1368},{"@type":"BreadcrumbList","@id":"https:\/\/jubile2025-fatima.org\/es\/libano-paz-mantenida-para-el-1er-sabado\/#breadcrumb","itemListElement":[{"@type":"ListItem","position":1,"name":"Accueil","item":"https:\/\/jubile2025-fatima.org\/es\/"},{"@type":"ListItem","position":2,"name":"L\u00edbano, paz mantenida para el 1er s\u00e1bado."}]},{"@type":"WebSite","@id":"https:\/\/jubile2025-fatima.org\/es\/#website","url":"https:\/\/jubile2025-fatima.org\/es\/","name":"jubile2025-fatima.org","description":"Jubile 2025 Fatima - Alliance les 1ers samedis de de Fatima pour la paix","publisher":{"@id":"https:\/\/jubile2025-fatima.org\/es\/#organization"},"potentialAction":[{"@type":"SearchAction","target":{"@type":"EntryPoint","urlTemplate":"https:\/\/jubile2025-fatima.org\/es\/?s={search_term_string}"},"query-input":{"@type":"PropertyValueSpecification","valueRequired":true,"valueName":"search_term_string"}}],"inLanguage":"es"},{"@type":"Organization","@id":"https:\/\/jubile2025-fatima.org\/es\/#organization","name":"jubile2025-fatima.org","url":"https:\/\/jubile2025-fatima.org\/es\/","logo":{"@type":"ImageObject","inLanguage":"es","@id":"https:\/\/jubile2025-fatima.org\/es\/#\/schema\/logo\/image\/","url":"https:\/\/jubile2025-fatima.org\/wp-content\/uploads\/2024\/12\/2logo-officiel-copie-2.png","contentUrl":"https:\/\/jubile2025-fatima.org\/wp-content\/uploads\/2024\/12\/2logo-officiel-copie-2.png","width":1921,"height":1081,"caption":"jubile2025-fatima.org"},"image":{"@id":"https:\/\/jubile2025-fatima.org\/es\/#\/schema\/logo\/image\/"}},{"@type":"Person","@id":"https:\/\/jubile2025-fatima.org\/es\/#\/schema\/person\/3e263883fb3f5561599278ba839787f0","name":"Agence Graphineo","image":{"@type":"ImageObject","inLanguage":"es","@id":"https:\/\/jubile2025-fatima.org\/es\/#\/schema\/person\/image\/","url":"https:\/\/secure.gravatar.com\/avatar\/b09ee5edb89ddbcb2e990bb1c3edd842e21624f2e891d3a0281ada0b693ac30b?s=96&d=mm&r=g","contentUrl":"https:\/\/secure.gravatar.com\/avatar\/b09ee5edb89ddbcb2e990bb1c3edd842e21624f2e891d3a0281ada0b693ac30b?s=96&d=mm&r=g","caption":"Agence Graphineo"},"sameAs":["https:\/\/graphineo.com\/"],"url":"https:\/\/jubile2025-fatima.org\/es\/author\/graphineo\/"}]}},"jetpack_featured_media_url":"https:\/\/i0.wp.com\/jubile2025-fatima.org\/wp-content\/uploads\/2025\/02\/083.JPG.jpg?fit=1920%2C1368&ssl=1","jetpack_sharing_enabled":true,"jetpack-related-posts":[{"id":2495,"url":"https:\/\/jubile2025-fatima.org\/es\/preparativos-para-el-primer-sabado-de-mes-en-el-santuario-de-maghdouche-en-el-libano\/","url_meta":{"origin":5501,"position":0},"title":"Preparativos para el primer s\u00e1bado de mes en el santuario de Maghdouch\u00e9 en el L\u00edbano","author":"Agence Graphineo","date":"enero 22, 2025","format":false,"excerpt":"El \"Jubileo de los Primeros S\u00e1bados de F\u00e1tima\" continuar\u00e1 el s\u00e1bado1 de febrero en el santuario de Maghdouch\u00e9, en L\u00edbano, tambi\u00e9n conocido como Nuestra Se\u00f1ora de la Espera. Aqu\u00ed es donde la Sant\u00edsima Virgen sol\u00eda esperar a Jes\u00fas cuando predicaba en la regi\u00f3n. La misa ser\u00e1 celebrada por monse\u00f1or Haddad,\u2026","rel":"","context":"En \u00abSin categorizar\u00bb","block_context":{"text":"Sin categorizar","link":"https:\/\/jubile2025-fatima.org\/es\/category\/sin-categorizar\/"},"img":{"alt_text":"","src":"https:\/\/i0.wp.com\/jubile2025-fatima.org\/wp-content\/uploads\/2025\/01\/cap.jpg?fit=1091%2C1200&ssl=1&resize=350%2C200","width":350,"height":200,"srcset":"https:\/\/i0.wp.com\/jubile2025-fatima.org\/wp-content\/uploads\/2025\/01\/cap.jpg?fit=1091%2C1200&ssl=1&resize=350%2C200 1x, https:\/\/i0.wp.com\/jubile2025-fatima.org\/wp-content\/uploads\/2025\/01\/cap.jpg?fit=1091%2C1200&ssl=1&resize=525%2C300 1.5x, https:\/\/i0.wp.com\/jubile2025-fatima.org\/wp-content\/uploads\/2025\/01\/cap.jpg?fit=1091%2C1200&ssl=1&resize=700%2C400 2x, https:\/\/i0.wp.com\/jubile2025-fatima.org\/wp-content\/uploads\/2025\/01\/cap.jpg?fit=1091%2C1200&ssl=1&resize=1050%2C600 3x"},"classes":[]},{"id":5498,"url":"https:\/\/jubile2025-fatima.org\/es\/sabados-por-la-paz-france-catholique\/","url_meta":{"origin":5501,"position":1},"title":"S\u00e1bados por la paz (France Catholique)","author":"Agence Graphineo","date":"febrero 13, 2025","format":false,"excerpt":"La p\u00e1gina web France Catholique destaca una importante iniciativa espiritual en un art\u00edculo de Fran\u00e7ois Mennesson (publicado el 28 de enero de 2025).","rel":"","context":"En \u00abSin categorizar\u00bb","block_context":{"text":"Sin categorizar","link":"https:\/\/jubile2025-fatima.org\/es\/category\/sin-categorizar\/"},"img":{"alt_text":"","src":"https:\/\/i0.wp.com\/jubile2025-fatima.org\/wp-content\/uploads\/2025\/02\/IMAGE-2025-01-21-21_30_24.jpg?fit=900%2C1200&ssl=1&resize=350%2C200","width":350,"height":200,"srcset":"https:\/\/i0.wp.com\/jubile2025-fatima.org\/wp-content\/uploads\/2025\/02\/IMAGE-2025-01-21-21_30_24.jpg?fit=900%2C1200&ssl=1&resize=350%2C200 1x, https:\/\/i0.wp.com\/jubile2025-fatima.org\/wp-content\/uploads\/2025\/02\/IMAGE-2025-01-21-21_30_24.jpg?fit=900%2C1200&ssl=1&resize=525%2C300 1.5x, https:\/\/i0.wp.com\/jubile2025-fatima.org\/wp-content\/uploads\/2025\/02\/IMAGE-2025-01-21-21_30_24.jpg?fit=900%2C1200&ssl=1&resize=700%2C400 2x"},"classes":[]},{"id":2507,"url":"https:\/\/jubile2025-fatima.org\/pt-pt\/preparacao-do-primeiro-sabado-do-mes-no-santuario-de-maghdouche-no-libano\/","url_meta":{"origin":5501,"position":2},"title":"Prepara\u00e7\u00e3o do primeiro s\u00e1bado do m\u00eas no santu\u00e1rio de Maghdouch\u00e9, no L\u00edbano","author":"Agence Graphineo","date":"enero 22, 2025","format":false,"excerpt":"O \"Jubileu dos primeiros s\u00e1bados de F\u00e1tima\" prossegue no s\u00e1bado, 1 de fevereiro, no Santu\u00e1rio de Maghdouch\u00e9, no L\u00edbano, tamb\u00e9m conhecido como Nossa Senhora da Espera. \u00c9 aqui que a Virgem Maria costumava esperar por Jesus quando ele pregava na regi\u00e3o. A missa ser\u00e1 celebrada por Monsenhor Haddad, Arcebispo de\u2026","rel":"","context":"En \u00abSem categoria\u00bb","block_context":{"text":"Sem categoria","link":"https:\/\/jubile2025-fatima.org\/pt-pt\/category\/sem-categoria\/"},"img":{"alt_text":"","src":"https:\/\/i0.wp.com\/jubile2025-fatima.org\/wp-content\/uploads\/2025\/01\/cap.jpg?fit=1091%2C1200&ssl=1&resize=350%2C200","width":350,"height":200,"srcset":"https:\/\/i0.wp.com\/jubile2025-fatima.org\/wp-content\/uploads\/2025\/01\/cap.jpg?fit=1091%2C1200&ssl=1&resize=350%2C200 1x, https:\/\/i0.wp.com\/jubile2025-fatima.org\/wp-content\/uploads\/2025\/01\/cap.jpg?fit=1091%2C1200&ssl=1&resize=525%2C300 1.5x, https:\/\/i0.wp.com\/jubile2025-fatima.org\/wp-content\/uploads\/2025\/01\/cap.jpg?fit=1091%2C1200&ssl=1&resize=700%2C400 2x, https:\/\/i0.wp.com\/jubile2025-fatima.org\/wp-content\/uploads\/2025\/01\/cap.jpg?fit=1091%2C1200&ssl=1&resize=1050%2C600 3x"},"classes":[]},{"id":5514,"url":"https:\/\/jubile2025-fatima.org\/es\/el-1er-sabado-de-marzo-en-el-interior-de-la-santa-casa-de-la-virgen-en-el-santuario-de-loreto-italia\/","url_meta":{"origin":5501,"position":3},"title":"El 1er s\u00e1bado de marzo, en el interior de la Santa Casa de la Virgen en el santuario de Loreto (Italia).","author":"Agence Graphineo","date":"marzo 10, 2025","format":false,"excerpt":"El s\u00e1bado 1 de marzo de 2025, el sol se pone lentamente sobre el santuario de Loreto, en Italia. Este lugar de excepcional belleza est\u00e1 dominado por la bas\u00edlica construida por el Papa Pablo II para albergar la verdadera casa de la Sant\u00edsima Virgen. De hecho, cuando los musulmanes hab\u00edan\u2026","rel":"","context":"En \u00abSin categorizar\u00bb","block_context":{"text":"Sin categorizar","link":"https:\/\/jubile2025-fatima.org\/es\/category\/sin-categorizar\/"},"img":{"alt_text":"","src":"https:\/\/i0.wp.com\/jubile2025-fatima.org\/wp-content\/uploads\/2025\/03\/photo-1.jpg?fit=952%2C684&ssl=1&resize=350%2C200","width":350,"height":200,"srcset":"https:\/\/i0.wp.com\/jubile2025-fatima.org\/wp-content\/uploads\/2025\/03\/photo-1.jpg?fit=952%2C684&ssl=1&resize=350%2C200 1x, https:\/\/i0.wp.com\/jubile2025-fatima.org\/wp-content\/uploads\/2025\/03\/photo-1.jpg?fit=952%2C684&ssl=1&resize=525%2C300 1.5x, https:\/\/i0.wp.com\/jubile2025-fatima.org\/wp-content\/uploads\/2025\/03\/photo-1.jpg?fit=952%2C684&ssl=1&resize=700%2C400 2x"},"classes":[]},{"id":12339,"url":"https:\/\/jubile2025-fatima.org\/pt-pt\/libano-paz-mantida-para-o-1o-sabado\/","url_meta":{"origin":5501,"position":4},"title":"L\u00edbano, paz mantida para o 1\u00ba s\u00e1bado.","author":"Agence Graphineo","date":"febrero 18, 2025","format":false,"excerpt":"L\u00edbano, paz mantida no 1\u00ba s\u00e1bado do m\u00eas no santu\u00e1rio de Maghdouch\u00e9.","rel":"","context":"En \u00abSem categoria\u00bb","block_context":{"text":"Sem categoria","link":"https:\/\/jubile2025-fatima.org\/pt-pt\/category\/sem-categoria\/"},"img":{"alt_text":"","src":"https:\/\/i0.wp.com\/jubile2025-fatima.org\/wp-content\/uploads\/2025\/02\/destruction-8172776_1280-2.jpg?resize=350%2C200&ssl=1","width":350,"height":200,"srcset":"https:\/\/i0.wp.com\/jubile2025-fatima.org\/wp-content\/uploads\/2025\/02\/destruction-8172776_1280-2.jpg?resize=350%2C200&ssl=1 1x, https:\/\/i0.wp.com\/jubile2025-fatima.org\/wp-content\/uploads\/2025\/02\/destruction-8172776_1280-2.jpg?resize=525%2C300&ssl=1 1.5x, https:\/\/i0.wp.com\/jubile2025-fatima.org\/wp-content\/uploads\/2025\/02\/destruction-8172776_1280-2.jpg?resize=700%2C400&ssl=1 2x"},"classes":[]},{"id":5516,"url":"https:\/\/jubile2025-fatima.org\/es\/el-1er-sabado-de-abril-de-2025-se-esta-preparando-en-la-grande-chartreuse-francia-en-union-con-muchos-monasterios-de-todo-el-mundo\/","url_meta":{"origin":5501,"position":5},"title":"El 1er s\u00e1bado de abril de 2025 se est\u00e1 preparando en La Grande Chartreuse (Francia) en uni\u00f3n con muchos monasterios de todo el mundo.","author":"Agence Graphineo","date":"marzo 14, 2025","format":false,"excerpt":"El pr\u00f3ximo primer s\u00e1bado de mes, el 5 de abril de 2025, tendr\u00e1 lugar en el monasterio de la Grande Chartreuse, donde se encuentra el santuario de Notre Dame de Casalibus. Este santuario poco conocido se construy\u00f3 en el emplazamiento del primer monasterio de la historia de los monjes cartujos,\u2026","rel":"","context":"En \u00abSin categorizar\u00bb","block_context":{"text":"Sin categorizar","link":"https:\/\/jubile2025-fatima.org\/es\/category\/sin-categorizar\/"},"img":{"alt_text":"","src":"https:\/\/i0.wp.com\/jubile2025-fatima.org\/wp-content\/uploads\/2025\/03\/photo-1-monastere.jpg?fit=840%2C561&ssl=1&resize=350%2C200","width":350,"height":200,"srcset":"https:\/\/i0.wp.com\/jubile2025-fatima.org\/wp-content\/uploads\/2025\/03\/photo-1-monastere.jpg?fit=840%2C561&ssl=1&resize=350%2C200 1x, https:\/\/i0.wp.com\/jubile2025-fatima.org\/wp-content\/uploads\/2025\/03\/photo-1-monastere.jpg?fit=840%2C561&ssl=1&resize=525%2C300 1.5x, https:\/\/i0.wp.com\/jubile2025-fatima.org\/wp-content\/uploads\/2025\/03\/photo-1-monastere.jpg?fit=840%2C561&ssl=1&resize=700%2C400 2x"},"classes":[]}],"mfb_rest_fields":["title","yoast_head","yoast_head_json","jetpack_featured_media_url","jetpack_sharing_enabled","jetpack-related-posts"],"_links":{"self":[{"href":"https:\/\/jubile2025-fatima.org\/es\/wp-json\/wp\/v2\/posts\/5501","targetHints":{"allow":["GET"]}}],"collection":[{"href":"https:\/\/jubile2025-fatima.org\/es\/wp-json\/wp\/v2\/posts"}],"about":[{"href":"https:\/\/jubile2025-fatima.org\/es\/wp-json\/wp\/v2\/types\/post"}],"author":[{"embeddable":true,"href":"https:\/\/jubile2025-fatima.org\/es\/wp-json\/wp\/v2\/users\/2"}],"replies":[{"embeddable":true,"href":"https:\/\/jubile2025-fatima.org\/es\/wp-json\/wp\/v2\/comments?post=5501"}],"version-history":[{"count":1,"href":"https:\/\/jubile2025-fatima.org\/es\/wp-json\/wp\/v2\/posts\/5501\/revisions"}],"predecessor-version":[{"id":5504,"href":"https:\/\/jubile2025-fatima.org\/es\/wp-json\/wp\/v2\/posts\/5501\/revisions\/5504"}],"wp:featuredmedia":[{"embeddable":true,"href":"https:\/\/jubile2025-fatima.org\/es\/wp-json\/wp\/v2\/media\/4481"}],"wp:attachment":[{"href":"https:\/\/jubile2025-fatima.org\/es\/wp-json\/wp\/v2\/media?parent=5501"}],"wp:term":[{"taxonomy":"category","embeddable":true,"href":"https:\/\/jubile2025-fatima.org\/es\/wp-json\/wp\/v2\/categories?post=5501"},{"taxonomy":"post_tag","embeddable":true,"href":"https:\/\/jubile2025-fatima.org\/es\/wp-json\/wp\/v2\/tags?post=5501"}],"curies":[{"name":"wp","href":"https:\/\/api.w.org\/{rel}","templated":true}]}}