{"id":7060,"date":"2025-04-30T16:09:27","date_gmt":"2025-04-30T16:09:27","guid":{"rendered":"https:\/\/jubile2025-fatima.org\/conclave-llamamiento-a-los-catolicos-para-que-colaboren-en-el-cumplimiento-de-la-peticion-de-fatima-de-un-papa-santo\/"},"modified":"2025-04-30T16:26:37","modified_gmt":"2025-04-30T16:26:37","slug":"conclave-llamamiento-a-los-catolicos-para-que-colaboren-en-el-cumplimiento-de-la-peticion-de-fatima-de-un-papa-santo","status":"publish","type":"post","link":"https:\/\/jubile2025-fatima.org\/es\/conclave-llamamiento-a-los-catolicos-para-que-colaboren-en-el-cumplimiento-de-la-peticion-de-fatima-de-un-papa-santo\/","title":{"rendered":"C\u00f3nclave: llamamiento a los cat\u00f3licos para que colaboren en el cumplimiento de la petici\u00f3n de F\u00e1tima de un papa santo"},"content":{"rendered":"\n<div class=\"wp-block-group has-global-padding is-layout-constrained wp-block-group-is-layout-constrained\">\n<div class=\"wp-block-group has-accent-8-background-color has-background has-global-padding is-layout-constrained wp-container-core-group-is-layout-81115059 wp-block-group-is-layout-constrained\" style=\"padding-top:25px;padding-right:25px;padding-bottom:25px;padding-left:25px\">\n<p><em>Por directivos<\/em><\/p>\n\n\n\n<p><em>de la Alianza 1<\/em><em><sup>ers<\/sup><\/em><em> S\u00e1bados de F\u00e1tima, Cap F\u00e1tima, Rosario Perpetuo para el Mundo, Hozana, Luz en la Oscuridad, Mar\u00eda de Nazaret, ND de Chr\u00e9tient\u00e9 y todas las que vendr\u00e1n y que a\u00fan no han tenido tiempo de unirse a la llamada.<\/em><\/p>\n<\/div>\n\n\n\n<p>Queridos fieles de la Iglesia cat\u00f3lica,<\/p>\n\n\n\n<p>Ante los retos de los tiempos dif\u00edciles que vivimos, en particular la unidad de la Iglesia y la paz en el mundo, millones de cat\u00f3licos, cl\u00e9rigos y laicos por igual, desean con raz\u00f3n rezar para que el Cielo nos env\u00ede un papa santo, un piadoso vicario de Cristo lleno de celo para guiar a la Iglesia en la fidelidad a su ense\u00f1anza bimilenaria. En una magn\u00edfica oleada espont\u00e1nea de fe, estamos viendo c\u00f3mo se organizan por todas partes novenas e iniciativas de oraci\u00f3n muy diversas, surgidas del coraz\u00f3n de cada uno.   <\/p>\n\n\n\n<p>Pero, \u00bfes esto todo lo que espera el Cielo para renovar su intervenci\u00f3n de 1903, cuando un papa santo, P\u00edo X, fue elegido contra todo pron\u00f3stico en un periodo similar de agitaci\u00f3n? Analicemos las circunstancias. <\/p>\n\n\n\n<div class=\"wp-block-columns are-vertically-aligned-center is-layout-flex wp-container-core-columns-is-layout-d0b3c9c8 wp-block-columns-is-layout-flex\">\n<div class=\"wp-block-column is-vertically-aligned-center is-layout-flow wp-block-column-is-layout-flow\" style=\"flex-basis:33.33%\"><figure class=\"wp-block-post-featured-image\"><img data-recalc-dims=\"1\" decoding=\"async\" width=\"1024\" height=\"1024\" src=\"https:\/\/i0.wp.com\/jubile2025-fatima.org\/wp-content\/uploads\/2025\/04\/5805671778821983836.jpg?resize=1024%2C1024&#038;ssl=1\" class=\"attachment-post-thumbnail size-post-thumbnail wp-post-image\" alt=\"\" style=\"object-fit:cover;\" srcset=\"https:\/\/i0.wp.com\/jubile2025-fatima.org\/wp-content\/uploads\/2025\/04\/5805671778821983836.jpg?w=1024&amp;ssl=1 1024w, https:\/\/i0.wp.com\/jubile2025-fatima.org\/wp-content\/uploads\/2025\/04\/5805671778821983836.jpg?resize=300%2C300&amp;ssl=1 300w, https:\/\/i0.wp.com\/jubile2025-fatima.org\/wp-content\/uploads\/2025\/04\/5805671778821983836.jpg?resize=150%2C150&amp;ssl=1 150w, https:\/\/i0.wp.com\/jubile2025-fatima.org\/wp-content\/uploads\/2025\/04\/5805671778821983836.jpg?resize=768%2C768&amp;ssl=1 768w\" sizes=\"(max-width: 1000px) 100vw, 1000px\" \/><\/figure><\/div>\n\n\n\n<div class=\"wp-block-column is-vertically-aligned-center is-layout-flow wp-block-column-is-layout-flow\" style=\"flex-basis:66.66%\">\n<p>Cabe se\u00f1alar que este c\u00f3nclave comenzar\u00e1 unos d\u00edas despu\u00e9s del <strong>1<\/strong><strong><sup>primer<\/sup><\/strong> s\u00e1bado <strong> de mayo<\/strong>, y terminar\u00e1 probablemente poco antes del <strong>13 de mayo<\/strong>, aniversario de la primera <strong>aparici\u00f3n de F\u00e1tima<\/strong>. Este c\u00f3nclave tambi\u00e9n tendr\u00e1 lugar en 2025, centenario de la petici\u00f3n de la <strong>1\u00aa<\/strong><strong><sup>ers<\/sup><\/strong><strong> s\u00e1bados de F\u00e1tima<\/strong><em>.<\/em><em><sup>(1)<\/sup><\/em> <em> <\/em><\/p>\n\n\n\n<p>Aqu\u00ed no hay ninguna \u00abcoincidencia\u00bb. Tras la muerte de Sor Luc\u00eda en 2005, <strong>Carlo Acutis<\/strong> vio a la vidente de F\u00e1tima en sue\u00f1os, dici\u00e9ndole que<strong>\u00abla pr\u00e1ctica de la<\/strong> <strong>1\u00aa<\/strong><strong><sup>th<\/sup><\/strong><strong> s\u00e1bados de mes podr\u00eda cambiar el destino del mundo\u00bb,<\/strong> y en 2010 Benedicto XVI record\u00f3 que la misi\u00f3n prof\u00e9tica de F\u00e1tima <strong>no<\/strong> hab\u00eda <strong>terminado<\/strong>. <\/p>\n<\/div>\n<\/div>\n\n\n\n<p>Si queremos rezar eficazmente por un Papa santo y por la paz, es esencial que nos hagamos la siguiente pregunta: \u00bfqu\u00e9 nos pidi\u00f3 Nuestra Se\u00f1ora en F\u00e1tima? La Santa Madre de la Iglesia prometi\u00f3 el triunfo y la paz<strong> con dos condiciones <\/strong>: la consagraci\u00f3n de Rusia a su Inmaculado Coraz\u00f3n por el Papa <strong>Y<\/strong> la pr\u00e1ctica del <sup>primer <\/sup>s\u00e1bado de mes en toda la Iglesia. Esta segunda petici\u00f3n, vinculada al rosario, nos concierne a todos pero est\u00e1 muy olvidada. No se trata de una oraci\u00f3n o devoci\u00f3n m\u00e1s. Es <strong>el acto de obediencia <\/strong>que el Cielo espera para concedernos la paz, y del que Sor Luc\u00eda dijo en 1957 que \u00abDios quiere este medio y no otro. <strong><em>Dios quiere este medio y no otro.<\/em><\/strong> \u00bb      <\/p>\n\n\n\n<p>Si queremos tener un papa santo, no hay m\u00e1s remedio que llevar a cabo esta petici\u00f3n del Cielo, como subray\u00f3 claramente Nuestra Se\u00f1ora: <em>\u00bb <\/em>Si hacemos lo que voy a deciros, tendremos un papa santo. <strong><em>Si hacemos lo que voy a deciros<\/em><\/strong><em>muchas almas se salvar\u00e1n y tendremos paz\u00bb.<\/em> \u00bfPor qu\u00e9 quiere el Cielo un acto de obediencia? Porque la obediencia, complemento indispensable de la oraci\u00f3n, es el acto de abandonar la propia voluntad en favor de la voluntad de Dios. Es un acto de humildad y de amor absoluto a Dios.    <\/p>\n\n\n\n<p>As\u00ed pues, ha llegado el momento de que todos nos unamos para este c\u00f3nclave en obediencia a la Sant\u00edsima Virgen, rog\u00e1ndole por <strong>todos los medios que <\/strong>nos d\u00e9 a cambio un papa santo:  <\/p>\n\n\n\n<ul class=\"wp-block-list\">\n<li>El s\u00e1bado 3 de mayo, empecemos a hacer la <strong>1\u00aa<\/strong><strong><sup>primer<\/sup><\/strong><strong> s\u00e1bados del mes de F\u00e1tima<\/strong><sup>(1)<\/sup>.  <\/li>\n\n\n\n<li>Recemos pues <strong>nuestro rosario todos los d\u00edas<\/strong> hasta el 13 de mayo, como hicimos para la batalla de Lepanto.  <\/li>\n<\/ul>\n\n\n\n<p><em>Firmado: <\/em>R\u00e9gis de Lassus <em>(Alianza 1<\/em><em><sup>ers<\/sup><\/em><em> S\u00e1bados de F\u00e1tima<\/em>), Isabelle Manceron <em>(Chapelet Perp\u00e9tuel)<\/em>, Thomas Delenda <em>(Hozana\/ Rosario)<\/em>, Jean Baptiste Maillard <em>(Luz en la oscuridad)<\/em>, Yves de Lassus (Cap Fatima), Olivier Bonnassies <em>(Marie de Nazareth)<\/em>, Philippe Daranti\u00e8re <em>(ND de Chr\u00e9tient\u00e9)<\/em>, Alberto Maalouf <em>(ND M\u00e8re de la Lumi\u00e8re)<\/em><\/p>\n\n\n\n<ol class=\"wp-block-list\">\n<li><em>M\u00e1s informaci\u00f3n sobre el 1<\/em><em><sup>primeros<\/sup><\/em><em> s\u00e1bados del mes. <\/em><a href=\"https:\/\/jubile2025-fatima.org\/es\/la-alianza\/\"><em>https:\/\/jubile2025-fatima.org\/lalliance\/<\/em><\/a><em> o <\/em><a href=\"http:\/\/www.fatima100.fr\"><em>www.fatima100.fr<\/em><\/a><em>\/631<\/em><\/li>\n<\/ol>\n<\/div>\n","protected":false},"excerpt":{"rendered":"<p>Por los l\u00edderes<\/p>\n<p>de la Alianza 1ers Samedis de F\u00e1tima, Cap F\u00e1tima, Chapelet Perp\u00e9tuel pour le Monde, Hozana, Luz en la Oscuridad, Marie de Nazareth, ND de Chr\u00e9tient\u00e9 y todos los que vendr\u00e1n y que a\u00fan no han tenido tiempo de unirse a la llamada.<\/p>\n","protected":false},"author":2,"featured_media":7052,"comment_status":"open","ping_status":"open","sticky":false,"template":"","format":"standard","meta":{"inline_featured_image":false,"_jetpack_memberships_contains_paid_content":false,"footnotes":""},"categories":[10],"tags":[],"class_list":["post-7060","post","type-post","status-publish","format-standard","has-post-thumbnail","hentry","category-sin-categorizar"],"mb":[],"yoast_head":"<!-- This site is optimized with the Yoast SEO plugin v26.4 - https:\/\/yoast.com\/wordpress\/plugins\/seo\/ -->\n<title>C\u00f3nclave: llamamiento a los cat\u00f3licos para que colaboren en el cumplimiento de la petici\u00f3n de F\u00e1tima de un papa santo - jubile2025-fatima.org<\/title>\n<meta name=\"robots\" content=\"index, follow, max-snippet:-1, max-image-preview:large, max-video-preview:-1\" \/>\n<link rel=\"canonical\" href=\"https:\/\/jubile2025-fatima.org\/es\/conclave-llamamiento-a-los-catolicos-para-que-colaboren-en-el-cumplimiento-de-la-peticion-de-fatima-de-un-papa-santo\/\" \/>\n<meta property=\"og:locale\" content=\"es_ES\" \/>\n<meta property=\"og:type\" content=\"article\" \/>\n<meta property=\"og:title\" content=\"C\u00f3nclave: llamamiento a los cat\u00f3licos para que colaboren en el cumplimiento de la petici\u00f3n de F\u00e1tima de un papa santo - jubile2025-fatima.org\" \/>\n<meta property=\"og:description\" content=\"Por los l\u00edderes de la Alianza 1ers Samedis de F\u00e1tima, Cap F\u00e1tima, Chapelet Perp\u00e9tuel pour le Monde, Hozana, Luz en la Oscuridad, Marie de Nazareth, ND de Chr\u00e9tient\u00e9 y todos los que vendr\u00e1n y que a\u00fan no han tenido tiempo de unirse a la llamada.\" \/>\n<meta property=\"og:url\" content=\"https:\/\/jubile2025-fatima.org\/es\/conclave-llamamiento-a-los-catolicos-para-que-colaboren-en-el-cumplimiento-de-la-peticion-de-fatima-de-un-papa-santo\/\" \/>\n<meta property=\"og:site_name\" content=\"jubile2025-fatima.org\" \/>\n<meta property=\"article:published_time\" content=\"2025-04-30T16:09:27+00:00\" \/>\n<meta property=\"article:modified_time\" content=\"2025-04-30T16:26:37+00:00\" \/>\n<meta property=\"og:image\" content=\"https:\/\/i0.wp.com\/jubile2025-fatima.org\/wp-content\/uploads\/2025\/04\/5805671778821983836.jpg?fit=1024%2C1024&ssl=1\" \/>\n\t<meta property=\"og:image:width\" content=\"1024\" \/>\n\t<meta property=\"og:image:height\" content=\"1024\" \/>\n\t<meta property=\"og:image:type\" content=\"image\/jpeg\" \/>\n<meta name=\"author\" content=\"Agence Graphineo\" \/>\n<meta name=\"twitter:card\" content=\"summary_large_image\" \/>\n<meta name=\"twitter:label1\" content=\"Escrito por\" \/>\n\t<meta name=\"twitter:data1\" content=\"Agence Graphineo\" \/>\n\t<meta name=\"twitter:label2\" content=\"Tiempo de lectura\" \/>\n\t<meta name=\"twitter:data2\" content=\"3 minutos\" \/>\n<script type=\"application\/ld+json\" class=\"yoast-schema-graph\">{\"@context\":\"https:\/\/schema.org\",\"@graph\":[{\"@type\":\"Article\",\"@id\":\"https:\/\/jubile2025-fatima.org\/es\/conclave-llamamiento-a-los-catolicos-para-que-colaboren-en-el-cumplimiento-de-la-peticion-de-fatima-de-un-papa-santo\/#article\",\"isPartOf\":{\"@id\":\"https:\/\/jubile2025-fatima.org\/es\/conclave-llamamiento-a-los-catolicos-para-que-colaboren-en-el-cumplimiento-de-la-peticion-de-fatima-de-un-papa-santo\/\"},\"author\":{\"name\":\"Agence Graphineo\",\"@id\":\"https:\/\/jubile2025-fatima.org\/es\/#\/schema\/person\/3e263883fb3f5561599278ba839787f0\"},\"headline\":\"C\u00f3nclave: llamamiento a los cat\u00f3licos para que colaboren en el cumplimiento de la petici\u00f3n de F\u00e1tima de un papa santo\",\"datePublished\":\"2025-04-30T16:09:27+00:00\",\"dateModified\":\"2025-04-30T16:26:37+00:00\",\"mainEntityOfPage\":{\"@id\":\"https:\/\/jubile2025-fatima.org\/es\/conclave-llamamiento-a-los-catolicos-para-que-colaboren-en-el-cumplimiento-de-la-peticion-de-fatima-de-un-papa-santo\/\"},\"wordCount\":718,\"commentCount\":0,\"publisher\":{\"@id\":\"https:\/\/jubile2025-fatima.org\/es\/#organization\"},\"image\":{\"@id\":\"https:\/\/jubile2025-fatima.org\/es\/conclave-llamamiento-a-los-catolicos-para-que-colaboren-en-el-cumplimiento-de-la-peticion-de-fatima-de-un-papa-santo\/#primaryimage\"},\"thumbnailUrl\":\"https:\/\/i0.wp.com\/jubile2025-fatima.org\/wp-content\/uploads\/2025\/04\/5805671778821983836.jpg?fit=1024%2C1024&ssl=1\",\"articleSection\":[\"Sin categorizar\"],\"inLanguage\":\"es\",\"potentialAction\":[{\"@type\":\"CommentAction\",\"name\":\"Comment\",\"target\":[\"https:\/\/jubile2025-fatima.org\/es\/conclave-llamamiento-a-los-catolicos-para-que-colaboren-en-el-cumplimiento-de-la-peticion-de-fatima-de-un-papa-santo\/#respond\"]}]},{\"@type\":\"WebPage\",\"@id\":\"https:\/\/jubile2025-fatima.org\/es\/conclave-llamamiento-a-los-catolicos-para-que-colaboren-en-el-cumplimiento-de-la-peticion-de-fatima-de-un-papa-santo\/\",\"url\":\"https:\/\/jubile2025-fatima.org\/es\/conclave-llamamiento-a-los-catolicos-para-que-colaboren-en-el-cumplimiento-de-la-peticion-de-fatima-de-un-papa-santo\/\",\"name\":\"C\u00f3nclave: llamamiento a los cat\u00f3licos para que colaboren en el cumplimiento de la petici\u00f3n de F\u00e1tima de un papa santo - jubile2025-fatima.org\",\"isPartOf\":{\"@id\":\"https:\/\/jubile2025-fatima.org\/es\/#website\"},\"primaryImageOfPage\":{\"@id\":\"https:\/\/jubile2025-fatima.org\/es\/conclave-llamamiento-a-los-catolicos-para-que-colaboren-en-el-cumplimiento-de-la-peticion-de-fatima-de-un-papa-santo\/#primaryimage\"},\"image\":{\"@id\":\"https:\/\/jubile2025-fatima.org\/es\/conclave-llamamiento-a-los-catolicos-para-que-colaboren-en-el-cumplimiento-de-la-peticion-de-fatima-de-un-papa-santo\/#primaryimage\"},\"thumbnailUrl\":\"https:\/\/i0.wp.com\/jubile2025-fatima.org\/wp-content\/uploads\/2025\/04\/5805671778821983836.jpg?fit=1024%2C1024&ssl=1\",\"datePublished\":\"2025-04-30T16:09:27+00:00\",\"dateModified\":\"2025-04-30T16:26:37+00:00\",\"breadcrumb\":{\"@id\":\"https:\/\/jubile2025-fatima.org\/es\/conclave-llamamiento-a-los-catolicos-para-que-colaboren-en-el-cumplimiento-de-la-peticion-de-fatima-de-un-papa-santo\/#breadcrumb\"},\"inLanguage\":\"es\",\"potentialAction\":[{\"@type\":\"ReadAction\",\"target\":[\"https:\/\/jubile2025-fatima.org\/es\/conclave-llamamiento-a-los-catolicos-para-que-colaboren-en-el-cumplimiento-de-la-peticion-de-fatima-de-un-papa-santo\/\"]}]},{\"@type\":\"ImageObject\",\"inLanguage\":\"es\",\"@id\":\"https:\/\/jubile2025-fatima.org\/es\/conclave-llamamiento-a-los-catolicos-para-que-colaboren-en-el-cumplimiento-de-la-peticion-de-fatima-de-un-papa-santo\/#primaryimage\",\"url\":\"https:\/\/i0.wp.com\/jubile2025-fatima.org\/wp-content\/uploads\/2025\/04\/5805671778821983836.jpg?fit=1024%2C1024&ssl=1\",\"contentUrl\":\"https:\/\/i0.wp.com\/jubile2025-fatima.org\/wp-content\/uploads\/2025\/04\/5805671778821983836.jpg?fit=1024%2C1024&ssl=1\",\"width\":1024,\"height\":1024},{\"@type\":\"BreadcrumbList\",\"@id\":\"https:\/\/jubile2025-fatima.org\/es\/conclave-llamamiento-a-los-catolicos-para-que-colaboren-en-el-cumplimiento-de-la-peticion-de-fatima-de-un-papa-santo\/#breadcrumb\",\"itemListElement\":[{\"@type\":\"ListItem\",\"position\":1,\"name\":\"Accueil\",\"item\":\"https:\/\/jubile2025-fatima.org\/es\/\"},{\"@type\":\"ListItem\",\"position\":2,\"name\":\"C\u00f3nclave: llamamiento a los cat\u00f3licos para que colaboren en el cumplimiento de la petici\u00f3n de F\u00e1tima de un papa santo\"}]},{\"@type\":\"WebSite\",\"@id\":\"https:\/\/jubile2025-fatima.org\/es\/#website\",\"url\":\"https:\/\/jubile2025-fatima.org\/es\/\",\"name\":\"jubile2025-fatima.org\",\"description\":\"Jubile 2025 Fatima - Alliance les 1ers samedis de de Fatima pour la paix\",\"publisher\":{\"@id\":\"https:\/\/jubile2025-fatima.org\/es\/#organization\"},\"potentialAction\":[{\"@type\":\"SearchAction\",\"target\":{\"@type\":\"EntryPoint\",\"urlTemplate\":\"https:\/\/jubile2025-fatima.org\/es\/?s={search_term_string}\"},\"query-input\":{\"@type\":\"PropertyValueSpecification\",\"valueRequired\":true,\"valueName\":\"search_term_string\"}}],\"inLanguage\":\"es\"},{\"@type\":\"Organization\",\"@id\":\"https:\/\/jubile2025-fatima.org\/es\/#organization\",\"name\":\"jubile2025-fatima.org\",\"url\":\"https:\/\/jubile2025-fatima.org\/es\/\",\"logo\":{\"@type\":\"ImageObject\",\"inLanguage\":\"es\",\"@id\":\"https:\/\/jubile2025-fatima.org\/es\/#\/schema\/logo\/image\/\",\"url\":\"https:\/\/jubile2025-fatima.org\/wp-content\/uploads\/2024\/12\/2logo-officiel-copie-2.png\",\"contentUrl\":\"https:\/\/jubile2025-fatima.org\/wp-content\/uploads\/2024\/12\/2logo-officiel-copie-2.png\",\"width\":1921,\"height\":1081,\"caption\":\"jubile2025-fatima.org\"},\"image\":{\"@id\":\"https:\/\/jubile2025-fatima.org\/es\/#\/schema\/logo\/image\/\"}},{\"@type\":\"Person\",\"@id\":\"https:\/\/jubile2025-fatima.org\/es\/#\/schema\/person\/3e263883fb3f5561599278ba839787f0\",\"name\":\"Agence Graphineo\",\"image\":{\"@type\":\"ImageObject\",\"inLanguage\":\"es\",\"@id\":\"https:\/\/jubile2025-fatima.org\/es\/#\/schema\/person\/image\/\",\"url\":\"https:\/\/secure.gravatar.com\/avatar\/b09ee5edb89ddbcb2e990bb1c3edd842e21624f2e891d3a0281ada0b693ac30b?s=96&d=mm&r=g\",\"contentUrl\":\"https:\/\/secure.gravatar.com\/avatar\/b09ee5edb89ddbcb2e990bb1c3edd842e21624f2e891d3a0281ada0b693ac30b?s=96&d=mm&r=g\",\"caption\":\"Agence Graphineo\"},\"sameAs\":[\"https:\/\/graphineo.com\/\"],\"url\":\"https:\/\/jubile2025-fatima.org\/es\/author\/graphineo\/\"}]}<\/script>\n<!-- \/ Yoast SEO plugin. -->","yoast_head_json":{"title":"C\u00f3nclave: llamamiento a los cat\u00f3licos para que colaboren en el cumplimiento de la petici\u00f3n de F\u00e1tima de un papa santo - jubile2025-fatima.org","robots":{"index":"index","follow":"follow","max-snippet":"max-snippet:-1","max-image-preview":"max-image-preview:large","max-video-preview":"max-video-preview:-1"},"canonical":"https:\/\/jubile2025-fatima.org\/es\/conclave-llamamiento-a-los-catolicos-para-que-colaboren-en-el-cumplimiento-de-la-peticion-de-fatima-de-un-papa-santo\/","og_locale":"es_ES","og_type":"article","og_title":"C\u00f3nclave: llamamiento a los cat\u00f3licos para que colaboren en el cumplimiento de la petici\u00f3n de F\u00e1tima de un papa santo - jubile2025-fatima.org","og_description":"Por los l\u00edderes de la Alianza 1ers Samedis de F\u00e1tima, Cap F\u00e1tima, Chapelet Perp\u00e9tuel pour le Monde, Hozana, Luz en la Oscuridad, Marie de Nazareth, ND de Chr\u00e9tient\u00e9 y todos los que vendr\u00e1n y que a\u00fan no han tenido tiempo de unirse a la llamada.","og_url":"https:\/\/jubile2025-fatima.org\/es\/conclave-llamamiento-a-los-catolicos-para-que-colaboren-en-el-cumplimiento-de-la-peticion-de-fatima-de-un-papa-santo\/","og_site_name":"jubile2025-fatima.org","article_published_time":"2025-04-30T16:09:27+00:00","article_modified_time":"2025-04-30T16:26:37+00:00","og_image":[{"width":1024,"height":1024,"url":"https:\/\/i0.wp.com\/jubile2025-fatima.org\/wp-content\/uploads\/2025\/04\/5805671778821983836.jpg?fit=1024%2C1024&ssl=1","type":"image\/jpeg"}],"author":"Agence Graphineo","twitter_card":"summary_large_image","twitter_misc":{"Escrito por":"Agence Graphineo","Tiempo de lectura":"3 minutos"},"schema":{"@context":"https:\/\/schema.org","@graph":[{"@type":"Article","@id":"https:\/\/jubile2025-fatima.org\/es\/conclave-llamamiento-a-los-catolicos-para-que-colaboren-en-el-cumplimiento-de-la-peticion-de-fatima-de-un-papa-santo\/#article","isPartOf":{"@id":"https:\/\/jubile2025-fatima.org\/es\/conclave-llamamiento-a-los-catolicos-para-que-colaboren-en-el-cumplimiento-de-la-peticion-de-fatima-de-un-papa-santo\/"},"author":{"name":"Agence Graphineo","@id":"https:\/\/jubile2025-fatima.org\/es\/#\/schema\/person\/3e263883fb3f5561599278ba839787f0"},"headline":"C\u00f3nclave: llamamiento a los cat\u00f3licos para que colaboren en el cumplimiento de la petici\u00f3n de F\u00e1tima de un papa santo","datePublished":"2025-04-30T16:09:27+00:00","dateModified":"2025-04-30T16:26:37+00:00","mainEntityOfPage":{"@id":"https:\/\/jubile2025-fatima.org\/es\/conclave-llamamiento-a-los-catolicos-para-que-colaboren-en-el-cumplimiento-de-la-peticion-de-fatima-de-un-papa-santo\/"},"wordCount":718,"commentCount":0,"publisher":{"@id":"https:\/\/jubile2025-fatima.org\/es\/#organization"},"image":{"@id":"https:\/\/jubile2025-fatima.org\/es\/conclave-llamamiento-a-los-catolicos-para-que-colaboren-en-el-cumplimiento-de-la-peticion-de-fatima-de-un-papa-santo\/#primaryimage"},"thumbnailUrl":"https:\/\/i0.wp.com\/jubile2025-fatima.org\/wp-content\/uploads\/2025\/04\/5805671778821983836.jpg?fit=1024%2C1024&ssl=1","articleSection":["Sin categorizar"],"inLanguage":"es","potentialAction":[{"@type":"CommentAction","name":"Comment","target":["https:\/\/jubile2025-fatima.org\/es\/conclave-llamamiento-a-los-catolicos-para-que-colaboren-en-el-cumplimiento-de-la-peticion-de-fatima-de-un-papa-santo\/#respond"]}]},{"@type":"WebPage","@id":"https:\/\/jubile2025-fatima.org\/es\/conclave-llamamiento-a-los-catolicos-para-que-colaboren-en-el-cumplimiento-de-la-peticion-de-fatima-de-un-papa-santo\/","url":"https:\/\/jubile2025-fatima.org\/es\/conclave-llamamiento-a-los-catolicos-para-que-colaboren-en-el-cumplimiento-de-la-peticion-de-fatima-de-un-papa-santo\/","name":"C\u00f3nclave: llamamiento a los cat\u00f3licos para que colaboren en el cumplimiento de la petici\u00f3n de F\u00e1tima de un papa santo - jubile2025-fatima.org","isPartOf":{"@id":"https:\/\/jubile2025-fatima.org\/es\/#website"},"primaryImageOfPage":{"@id":"https:\/\/jubile2025-fatima.org\/es\/conclave-llamamiento-a-los-catolicos-para-que-colaboren-en-el-cumplimiento-de-la-peticion-de-fatima-de-un-papa-santo\/#primaryimage"},"image":{"@id":"https:\/\/jubile2025-fatima.org\/es\/conclave-llamamiento-a-los-catolicos-para-que-colaboren-en-el-cumplimiento-de-la-peticion-de-fatima-de-un-papa-santo\/#primaryimage"},"thumbnailUrl":"https:\/\/i0.wp.com\/jubile2025-fatima.org\/wp-content\/uploads\/2025\/04\/5805671778821983836.jpg?fit=1024%2C1024&ssl=1","datePublished":"2025-04-30T16:09:27+00:00","dateModified":"2025-04-30T16:26:37+00:00","breadcrumb":{"@id":"https:\/\/jubile2025-fatima.org\/es\/conclave-llamamiento-a-los-catolicos-para-que-colaboren-en-el-cumplimiento-de-la-peticion-de-fatima-de-un-papa-santo\/#breadcrumb"},"inLanguage":"es","potentialAction":[{"@type":"ReadAction","target":["https:\/\/jubile2025-fatima.org\/es\/conclave-llamamiento-a-los-catolicos-para-que-colaboren-en-el-cumplimiento-de-la-peticion-de-fatima-de-un-papa-santo\/"]}]},{"@type":"ImageObject","inLanguage":"es","@id":"https:\/\/jubile2025-fatima.org\/es\/conclave-llamamiento-a-los-catolicos-para-que-colaboren-en-el-cumplimiento-de-la-peticion-de-fatima-de-un-papa-santo\/#primaryimage","url":"https:\/\/i0.wp.com\/jubile2025-fatima.org\/wp-content\/uploads\/2025\/04\/5805671778821983836.jpg?fit=1024%2C1024&ssl=1","contentUrl":"https:\/\/i0.wp.com\/jubile2025-fatima.org\/wp-content\/uploads\/2025\/04\/5805671778821983836.jpg?fit=1024%2C1024&ssl=1","width":1024,"height":1024},{"@type":"BreadcrumbList","@id":"https:\/\/jubile2025-fatima.org\/es\/conclave-llamamiento-a-los-catolicos-para-que-colaboren-en-el-cumplimiento-de-la-peticion-de-fatima-de-un-papa-santo\/#breadcrumb","itemListElement":[{"@type":"ListItem","position":1,"name":"Accueil","item":"https:\/\/jubile2025-fatima.org\/es\/"},{"@type":"ListItem","position":2,"name":"C\u00f3nclave: llamamiento a los cat\u00f3licos para que colaboren en el cumplimiento de la petici\u00f3n de F\u00e1tima de un papa santo"}]},{"@type":"WebSite","@id":"https:\/\/jubile2025-fatima.org\/es\/#website","url":"https:\/\/jubile2025-fatima.org\/es\/","name":"jubile2025-fatima.org","description":"Jubile 2025 Fatima - Alliance les 1ers samedis de de Fatima pour la paix","publisher":{"@id":"https:\/\/jubile2025-fatima.org\/es\/#organization"},"potentialAction":[{"@type":"SearchAction","target":{"@type":"EntryPoint","urlTemplate":"https:\/\/jubile2025-fatima.org\/es\/?s={search_term_string}"},"query-input":{"@type":"PropertyValueSpecification","valueRequired":true,"valueName":"search_term_string"}}],"inLanguage":"es"},{"@type":"Organization","@id":"https:\/\/jubile2025-fatima.org\/es\/#organization","name":"jubile2025-fatima.org","url":"https:\/\/jubile2025-fatima.org\/es\/","logo":{"@type":"ImageObject","inLanguage":"es","@id":"https:\/\/jubile2025-fatima.org\/es\/#\/schema\/logo\/image\/","url":"https:\/\/jubile2025-fatima.org\/wp-content\/uploads\/2024\/12\/2logo-officiel-copie-2.png","contentUrl":"https:\/\/jubile2025-fatima.org\/wp-content\/uploads\/2024\/12\/2logo-officiel-copie-2.png","width":1921,"height":1081,"caption":"jubile2025-fatima.org"},"image":{"@id":"https:\/\/jubile2025-fatima.org\/es\/#\/schema\/logo\/image\/"}},{"@type":"Person","@id":"https:\/\/jubile2025-fatima.org\/es\/#\/schema\/person\/3e263883fb3f5561599278ba839787f0","name":"Agence Graphineo","image":{"@type":"ImageObject","inLanguage":"es","@id":"https:\/\/jubile2025-fatima.org\/es\/#\/schema\/person\/image\/","url":"https:\/\/secure.gravatar.com\/avatar\/b09ee5edb89ddbcb2e990bb1c3edd842e21624f2e891d3a0281ada0b693ac30b?s=96&d=mm&r=g","contentUrl":"https:\/\/secure.gravatar.com\/avatar\/b09ee5edb89ddbcb2e990bb1c3edd842e21624f2e891d3a0281ada0b693ac30b?s=96&d=mm&r=g","caption":"Agence Graphineo"},"sameAs":["https:\/\/graphineo.com\/"],"url":"https:\/\/jubile2025-fatima.org\/es\/author\/graphineo\/"}]}},"jetpack_featured_media_url":"https:\/\/i0.wp.com\/jubile2025-fatima.org\/wp-content\/uploads\/2025\/04\/5805671778821983836.jpg?fit=1024%2C1024&ssl=1","jetpack_sharing_enabled":true,"jetpack-related-posts":[{"id":13179,"url":"https:\/\/jubile2025-fatima.org\/es\/el-duodecimo-1er-sabado-del-mes-de-2025-en-fatima-basilica-de-nuestra-senora-del-rosario-viernes-5-de-diciembre-de-2025-20-00-horas\/","url_meta":{"origin":7060,"position":0},"title":"El duod\u00e9cimo 1er s\u00e1bado del mes de 2025 en F\u00e1tima. Bas\u00edlica de Nuestra Se\u00f1ora del Rosario, viernes 5 de diciembre de 2025, 20.00 horas.","author":"Agence Graphineo","date":"diciembre 15, 2025","format":false,"excerpt":"La bas\u00edlica irradia una luz suave, casi irreal, como suspendida en el profundo silencio de la noche. En este primer viernes de mes, v\u00edspera del primer s\u00e1bado (estas dos devociones inseparables, v\u00e9ase la explicaci\u00f3n. https:\/\/salve-corda.org\/signification-des-1ers-vendredis-et-samedis-du-mois\/), la Alianza se re\u00fane para responder a la llamada tanto del Sagrado Coraz\u00f3n como del\u2026","rel":"","context":"En \u00abSin categorizar\u00bb","block_context":{"text":"Sin categorizar","link":"https:\/\/jubile2025-fatima.org\/es\/category\/sin-categorizar\/"},"img":{"alt_text":"","src":"https:\/\/i0.wp.com\/jubile2025-fatima.org\/wp-content\/uploads\/2025\/12\/photo-1.jpg?fit=1200%2C900&ssl=1&resize=350%2C200","width":350,"height":200,"srcset":"https:\/\/i0.wp.com\/jubile2025-fatima.org\/wp-content\/uploads\/2025\/12\/photo-1.jpg?fit=1200%2C900&ssl=1&resize=350%2C200 1x, https:\/\/i0.wp.com\/jubile2025-fatima.org\/wp-content\/uploads\/2025\/12\/photo-1.jpg?fit=1200%2C900&ssl=1&resize=525%2C300 1.5x, https:\/\/i0.wp.com\/jubile2025-fatima.org\/wp-content\/uploads\/2025\/12\/photo-1.jpg?fit=1200%2C900&ssl=1&resize=700%2C400 2x, https:\/\/i0.wp.com\/jubile2025-fatima.org\/wp-content\/uploads\/2025\/12\/photo-1.jpg?fit=1200%2C900&ssl=1&resize=1050%2C600 3x"},"classes":[]},{"id":5501,"url":"https:\/\/jubile2025-fatima.org\/es\/libano-paz-mantenida-para-el-1er-sabado\/","url_meta":{"origin":7060,"position":1},"title":"L\u00edbano, paz mantenida para el 1er s\u00e1bado.","author":"Agence Graphineo","date":"febrero 18, 2025","format":false,"excerpt":"L\u00edbano, la paz se mantiene el primer s\u00e1bado de cada mes en el santuario de Maghdouch\u00e9.","rel":"","context":"En \u00abSin categorizar\u00bb","block_context":{"text":"Sin categorizar","link":"https:\/\/jubile2025-fatima.org\/es\/category\/sin-categorizar\/"},"img":{"alt_text":"","src":"https:\/\/i0.wp.com\/jubile2025-fatima.org\/wp-content\/uploads\/2025\/02\/083.JPG.jpg?fit=1200%2C855&ssl=1&resize=350%2C200","width":350,"height":200,"srcset":"https:\/\/i0.wp.com\/jubile2025-fatima.org\/wp-content\/uploads\/2025\/02\/083.JPG.jpg?fit=1200%2C855&ssl=1&resize=350%2C200 1x, https:\/\/i0.wp.com\/jubile2025-fatima.org\/wp-content\/uploads\/2025\/02\/083.JPG.jpg?fit=1200%2C855&ssl=1&resize=525%2C300 1.5x, https:\/\/i0.wp.com\/jubile2025-fatima.org\/wp-content\/uploads\/2025\/02\/083.JPG.jpg?fit=1200%2C855&ssl=1&resize=700%2C400 2x, https:\/\/i0.wp.com\/jubile2025-fatima.org\/wp-content\/uploads\/2025\/02\/083.JPG.jpg?fit=1200%2C855&ssl=1&resize=1050%2C600 3x"},"classes":[]},{"id":9627,"url":"https:\/\/jubile2025-fatima.org\/es\/del-13-al-21-de-agosto-de-2025-novena-para-que-el-papa-apruebe-y-recomiende-los-primeros-sabados-de-mes-en-toda-la-iglesia\/","url_meta":{"origin":7060,"position":2},"title":"Del 13 al 21 de agosto de 2025 Novena para que el Papa apruebe y recomiende los primeros s\u00e1bados de mes en toda la Iglesia.","author":"Agence Graphineo","date":"agosto 14, 2025","format":false,"excerpt":"Como sabemos, Nuestra Se\u00f1ora de F\u00e1tima hizo dos peticiones relativas a los primeros s\u00e1bados de mes: - que los fieles celebren estos primeros s\u00e1bados;- que el Papa haga un acto oficial para recomendar la pr\u00e1ctica de los primeros s\u00e1bados en toda la Iglesia. Al igual que la consagraci\u00f3n de Rusia,\u2026","rel":"","context":"En \u00abSin categorizar\u00bb","block_context":{"text":"Sin categorizar","link":"https:\/\/jubile2025-fatima.org\/es\/category\/sin-categorizar\/"},"img":{"alt_text":"","src":"https:\/\/i0.wp.com\/jubile2025-fatima.org\/wp-content\/uploads\/2025\/08\/WhatsApp-Image-2025-08-11-at-10.03.59.jpeg?fit=1080%2C620&ssl=1&resize=350%2C200","width":350,"height":200,"srcset":"https:\/\/i0.wp.com\/jubile2025-fatima.org\/wp-content\/uploads\/2025\/08\/WhatsApp-Image-2025-08-11-at-10.03.59.jpeg?fit=1080%2C620&ssl=1&resize=350%2C200 1x, https:\/\/i0.wp.com\/jubile2025-fatima.org\/wp-content\/uploads\/2025\/08\/WhatsApp-Image-2025-08-11-at-10.03.59.jpeg?fit=1080%2C620&ssl=1&resize=525%2C300 1.5x, https:\/\/i0.wp.com\/jubile2025-fatima.org\/wp-content\/uploads\/2025\/08\/WhatsApp-Image-2025-08-11-at-10.03.59.jpeg?fit=1080%2C620&ssl=1&resize=700%2C400 2x, https:\/\/i0.wp.com\/jubile2025-fatima.org\/wp-content\/uploads\/2025\/08\/WhatsApp-Image-2025-08-11-at-10.03.59.jpeg?fit=1080%2C620&ssl=1&resize=1050%2C600 3x"},"classes":[]},{"id":6885,"url":"https:\/\/jubile2025-fatima.org\/es\/un-primer-sabado-sin-precedentes-en-burundi-el-3-de-mayo\/","url_meta":{"origin":7060,"position":3},"title":"\u00a1Un primer s\u00e1bado sin precedentes en Burundi el 3 de mayo!","author":"Agence Graphineo","date":"abril 25, 2025","format":false,"excerpt":"Por primera vez desde la petici\u00f3n de la Virgen Mar\u00eda en F\u00e1tima en 1925, \u00a1toda la Iglesia de un pa\u00eds se reunir\u00e1 en torno a la Sant\u00edsima Virgen para responder a su llamada!","rel":"","context":"En \u00abSin categorizar\u00bb","block_context":{"text":"Sin categorizar","link":"https:\/\/jubile2025-fatima.org\/es\/category\/sin-categorizar\/"},"img":{"alt_text":"","src":"https:\/\/i0.wp.com\/jubile2025-fatima.org\/wp-content\/uploads\/2025\/04\/bdi_burundi_assumption_2019_04_imvaho-2959703335.jpg?fit=1080%2C720&ssl=1&resize=350%2C200","width":350,"height":200,"srcset":"https:\/\/i0.wp.com\/jubile2025-fatima.org\/wp-content\/uploads\/2025\/04\/bdi_burundi_assumption_2019_04_imvaho-2959703335.jpg?fit=1080%2C720&ssl=1&resize=350%2C200 1x, https:\/\/i0.wp.com\/jubile2025-fatima.org\/wp-content\/uploads\/2025\/04\/bdi_burundi_assumption_2019_04_imvaho-2959703335.jpg?fit=1080%2C720&ssl=1&resize=525%2C300 1.5x, https:\/\/i0.wp.com\/jubile2025-fatima.org\/wp-content\/uploads\/2025\/04\/bdi_burundi_assumption_2019_04_imvaho-2959703335.jpg?fit=1080%2C720&ssl=1&resize=700%2C400 2x, https:\/\/i0.wp.com\/jubile2025-fatima.org\/wp-content\/uploads\/2025\/04\/bdi_burundi_assumption_2019_04_imvaho-2959703335.jpg?fit=1080%2C720&ssl=1&resize=1050%2C600 3x"},"classes":[]},{"id":2519,"url":"https:\/\/jubile2025-fatima.org\/es\/1er-sabado-rue-du-bac\/","url_meta":{"origin":7060,"position":4},"title":"1er s\u00e1bado rue du bac","author":"Agence Graphineo","date":"enero 22, 2025","format":false,"excerpt":"El \"Jubileo de los Primeros S\u00e1bados de F\u00e1tima\" comenz\u00f3 en la Chapelle de la M\u00e9daille Miraculeuse de Par\u00eds el s\u00e1bado 4 de enero de 2025. A pesar de los d\u00edas festivos, la capilla estaba llena y los fieles respondieron a la llamada de Nuestra Se\u00f1ora. Un coro excepcional secund\u00f3 las\u2026","rel":"","context":"En \u00abSin categorizar\u00bb","block_context":{"text":"Sin categorizar","link":"https:\/\/jubile2025-fatima.org\/es\/category\/sin-categorizar\/"},"img":{"alt_text":"","src":"https:\/\/i0.wp.com\/jubile2025-fatima.org\/wp-content\/uploads\/2024\/12\/chapelle-de-la-rue-du-Bac.jpg?fit=1200%2C675&ssl=1&resize=350%2C200","width":350,"height":200,"srcset":"https:\/\/i0.wp.com\/jubile2025-fatima.org\/wp-content\/uploads\/2024\/12\/chapelle-de-la-rue-du-Bac.jpg?fit=1200%2C675&ssl=1&resize=350%2C200 1x, https:\/\/i0.wp.com\/jubile2025-fatima.org\/wp-content\/uploads\/2024\/12\/chapelle-de-la-rue-du-Bac.jpg?fit=1200%2C675&ssl=1&resize=525%2C300 1.5x, https:\/\/i0.wp.com\/jubile2025-fatima.org\/wp-content\/uploads\/2024\/12\/chapelle-de-la-rue-du-Bac.jpg?fit=1200%2C675&ssl=1&resize=700%2C400 2x, https:\/\/i0.wp.com\/jubile2025-fatima.org\/wp-content\/uploads\/2024\/12\/chapelle-de-la-rue-du-Bac.jpg?fit=1200%2C675&ssl=1&resize=1050%2C600 3x"},"classes":[]},{"id":5514,"url":"https:\/\/jubile2025-fatima.org\/es\/el-1er-sabado-de-marzo-en-el-interior-de-la-santa-casa-de-la-virgen-en-el-santuario-de-loreto-italia\/","url_meta":{"origin":7060,"position":5},"title":"El 1er s\u00e1bado de marzo, en el interior de la Santa Casa de la Virgen en el santuario de Loreto (Italia).","author":"Agence Graphineo","date":"marzo 10, 2025","format":false,"excerpt":"El s\u00e1bado 1 de marzo de 2025, el sol se pone lentamente sobre el santuario de Loreto, en Italia. Este lugar de excepcional belleza est\u00e1 dominado por la bas\u00edlica construida por el Papa Pablo II para albergar la verdadera casa de la Sant\u00edsima Virgen. De hecho, cuando los musulmanes hab\u00edan\u2026","rel":"","context":"En \u00abSin categorizar\u00bb","block_context":{"text":"Sin categorizar","link":"https:\/\/jubile2025-fatima.org\/es\/category\/sin-categorizar\/"},"img":{"alt_text":"","src":"https:\/\/i0.wp.com\/jubile2025-fatima.org\/wp-content\/uploads\/2025\/03\/photo-1.jpg?fit=952%2C684&ssl=1&resize=350%2C200","width":350,"height":200,"srcset":"https:\/\/i0.wp.com\/jubile2025-fatima.org\/wp-content\/uploads\/2025\/03\/photo-1.jpg?fit=952%2C684&ssl=1&resize=350%2C200 1x, https:\/\/i0.wp.com\/jubile2025-fatima.org\/wp-content\/uploads\/2025\/03\/photo-1.jpg?fit=952%2C684&ssl=1&resize=525%2C300 1.5x, https:\/\/i0.wp.com\/jubile2025-fatima.org\/wp-content\/uploads\/2025\/03\/photo-1.jpg?fit=952%2C684&ssl=1&resize=700%2C400 2x"},"classes":[]}],"mfb_rest_fields":["title","yoast_head","yoast_head_json","jetpack_featured_media_url","jetpack_sharing_enabled","jetpack-related-posts"],"_links":{"self":[{"href":"https:\/\/jubile2025-fatima.org\/es\/wp-json\/wp\/v2\/posts\/7060","targetHints":{"allow":["GET"]}}],"collection":[{"href":"https:\/\/jubile2025-fatima.org\/es\/wp-json\/wp\/v2\/posts"}],"about":[{"href":"https:\/\/jubile2025-fatima.org\/es\/wp-json\/wp\/v2\/types\/post"}],"author":[{"embeddable":true,"href":"https:\/\/jubile2025-fatima.org\/es\/wp-json\/wp\/v2\/users\/2"}],"replies":[{"embeddable":true,"href":"https:\/\/jubile2025-fatima.org\/es\/wp-json\/wp\/v2\/comments?post=7060"}],"version-history":[{"count":1,"href":"https:\/\/jubile2025-fatima.org\/es\/wp-json\/wp\/v2\/posts\/7060\/revisions"}],"predecessor-version":[{"id":7061,"href":"https:\/\/jubile2025-fatima.org\/es\/wp-json\/wp\/v2\/posts\/7060\/revisions\/7061"}],"wp:featuredmedia":[{"embeddable":true,"href":"https:\/\/jubile2025-fatima.org\/es\/wp-json\/wp\/v2\/media\/7052"}],"wp:attachment":[{"href":"https:\/\/jubile2025-fatima.org\/es\/wp-json\/wp\/v2\/media?parent=7060"}],"wp:term":[{"taxonomy":"category","embeddable":true,"href":"https:\/\/jubile2025-fatima.org\/es\/wp-json\/wp\/v2\/categories?post=7060"},{"taxonomy":"post_tag","embeddable":true,"href":"https:\/\/jubile2025-fatima.org\/es\/wp-json\/wp\/v2\/tags?post=7060"}],"curies":[{"name":"wp","href":"https:\/\/api.w.org\/{rel}","templated":true}]}}